{"id":1732,"date":"2024-01-22T15:11:34","date_gmt":"2024-01-22T15:11:34","guid":{"rendered":"http:\/\/daniel-behmenburg.de\/?p=1732"},"modified":"2024-02-04T10:00:46","modified_gmt":"2024-02-04T10:00:46","slug":"pd-in-kettwig-ehrte-185-jahre-zugehoerigkeit-zur-sozialdemokratie","status":"publish","type":"post","link":"https:\/\/daniel-behmenburg.de\/?p=1732","title":{"rendered":"SPD in Kettwig ehrte 185 Jahre Zugeh\u00f6rigkeit zur Sozialdemokratie."},"content":{"rendered":"\n<p>Landtagsabgeordneter Thomas Kutschaty zu Gast bei der Jubilarehrung beim Neujahrsauftakt.<\/p>\n\n\n\n<p>Die SPD in Kettwig hat bei ihrem Jahresauftakt 2024 langj\u00e4hrige Mitglieder geehrt. 25 Jahre ist Daniel Behmenburg dabei, Katrin Engelhardt und J\u00f6rn Meyburg 50 Jahre und 60 Jahre Johannes von Elten. Zu diesem Anlass konnten die Kettwiger Sozialdemokraten den Landtagsabgeordneten Thomas Kutschaty bei Arne im Deutschen Haus begr\u00fc\u00dfen. In ihren Reden w\u00fcrdigten Thomas Kutschaty und Ortsvereinsvorsitzender Daniel Behmenburg besonders die 50- und 60j\u00e4hrigen Jubilare daf\u00fcr, so lange einer Partei die Treue gehalten zu haben, obwohl einem in den Jahrzenten manchmal der Wind ins Gesicht geweht hat. Und bestimmt hin, da waren sich die beiden einig, hat man hin und wieder mit der Politik gehadert. Aber anscheinend gab und gibt es es immer genug Gr\u00fcnde, weiter Mitglied der Sozialdemokratie zu bleiben.<\/p>\n\n\n\n<p>Spannend f\u00fcr die fast 30 Anwesenden war es, den Erz\u00e4hlungen der Jubilare aus \u00fcber einem halben Jahrhundert hautnah erlebter Politik zu lauschen. Zeiten, in denen vieles, das heute selbstverst\u00e4ndlich ist, erk\u00e4mpft werden musste. Es wurde auch durchaus humorvoll, als erz\u00e4hlt wurde, dass man damals in einem Dorf auf dem Land der erste Sozialdemokrat war, was ein regelrechter Kulturschock dort war. Auch kommunale Themen kamen zur Sprache, wie zum Beispiel die Entscheidung die Ruhrstra\u00dfe zur Fu\u00dfg\u00e4ngerzone zu machen. Erfreulich war, dass alle Jubilare einte, dass sie auch weiterhin fest an der Seite der SPD stehen und gerade in den heutigen Zeiten eine starke Sozialdemokratie f\u00fcr wichtig halten.<\/p>\n\n\n\n<p>Wie sollte es bei einem Jahresauftakt zu einem richtungsweisenden Wahljahr auch anders sein? Nat\u00fcrlich gab der Landtagsabgeordnete einen kurzen Bericht zur aktuellen politischen Situation. Und hier stehen auch wieder st\u00fcrmische Zeiten ins Haus, da machten sich die Anwesenden Mitglieder keine Illusionen. Zukunfts\u00e4ngste, Vertrauensverlust und Wut in der Bev\u00f6lkerung sind die Realit\u00e4ten, denen man sich im Jahr 2024 stellen muss. Auch hier ist der Blick in die Vergangenheit hilfreich, um Konzepte f\u00fcr die Zukunft zu haben. Die versammelten Sozialdemokraten waren sich einig, dass die SPD immer dann erfolgreich war, wenn sie &#8211; auf allen politischen Ebenen &#8211; das Leben der Menschen vor Ort konkret besser gemacht hat. Dabei sieht die SPD in Kettwig sich auf einem guten Weg und will hieran weiter arbeiten. Der zum Jahresende gestartete Dialogprozess \u201eUnser Kettwig der Zukunft\u201c ist dabei ein wichtiger Baustein.<\/p>\n","protected":false},"excerpt":{"rendered":"<p>Landtagsabgeordneter Thomas Kutschaty zu Gast bei der Jubilarehrung beim Neujahrsauftakt. Die SPD in Kettwig hat bei ihrem Jahresauftakt 2024 langj\u00e4hrige Mitglieder geehrt. 25 Jahre ist Daniel Behmenburg dabei, Katrin Engelhardt und J\u00f6rn Meyburg 50 Jahre und 60 Jahre Johannes von Elten. Zu diesem Anlass konnten die Kettwiger Sozialdemokraten den Landtagsabgeordneten [&hellip;]<\/p>\n","protected":false},"author":1,"featured_media":1735,"comment_status":"open","ping_status":"open","sticky":false,"template":"","format":"standard","meta":{"footnotes":""},"categories":[6],"tags":[317,318,57,191,60],"class_list":["post-1732","post","type-post","status-publish","format-standard","has-post-thumbnail","hentry","category-kettwig","tag-jubilare","tag-jubilarehrung","tag-kettwig","tag-spd","tag-spd-kettwig"],"_links":{"self":[{"href":"https:\/\/daniel-behmenburg.de\/index.php?rest_route=\/wp\/v2\/posts\/1732","targetHints":{"allow":["GET"]}}],"collection":[{"href":"https:\/\/daniel-behmenburg.de\/index.php?rest_route=\/wp\/v2\/posts"}],"about":[{"href":"https:\/\/daniel-behmenburg.de\/index.php?rest_route=\/wp\/v2\/types\/post"}],"author":[{"embeddable":true,"href":"https:\/\/daniel-behmenburg.de\/index.php?rest_route=\/wp\/v2\/users\/1"}],"replies":[{"embeddable":true,"href":"https:\/\/daniel-behmenburg.de\/index.php?rest_route=%2Fwp%2Fv2%2Fcomments&post=1732"}],"version-history":[{"count":2,"href":"https:\/\/daniel-behmenburg.de\/index.php?rest_route=\/wp\/v2\/posts\/1732\/revisions"}],"predecessor-version":[{"id":1740,"href":"https:\/\/daniel-behmenburg.de\/index.php?rest_route=\/wp\/v2\/posts\/1732\/revisions\/1740"}],"wp:featuredmedia":[{"embeddable":true,"href":"https:\/\/daniel-behmenburg.de\/index.php?rest_route=\/wp\/v2\/media\/1735"}],"wp:attachment":[{"href":"https:\/\/daniel-behmenburg.de\/index.php?rest_route=%2Fwp%2Fv2%2Fmedia&parent=1732"}],"wp:term":[{"taxonomy":"category","embeddable":true,"href":"https:\/\/daniel-behmenburg.de\/index.php?rest_route=%2Fwp%2Fv2%2Fcategories&post=1732"},{"taxonomy":"post_tag","embeddable":true,"href":"https:\/\/daniel-behmenburg.de\/index.php?rest_route=%2Fwp%2Fv2%2Ftags&post=1732"}],"curies":[{"name":"wp","href":"https:\/\/api.w.org\/{rel}","templated":true}]}}