{"id":1720,"date":"2023-11-13T14:51:10","date_gmt":"2023-11-13T14:51:10","guid":{"rendered":"http:\/\/daniel-behmenburg.de\/?p=1720"},"modified":"2023-11-13T14:51:10","modified_gmt":"2023-11-13T14:51:10","slug":"unser-kettwig-der-zukunft-spd-startet-beteiligungsplattform","status":"publish","type":"post","link":"https:\/\/daniel-behmenburg.de\/?p=1720","title":{"rendered":"Unser Kettwig der Zukunft. SPD startet Beteiligungsplattform."},"content":{"rendered":"\n<p>Sozialdemokraten wollen gemeinsam mit den Menschen Ideen entwickeln.<\/p>\n\n\n\n<p>Die SPD in Kettwig hat das Dialogverfahren \u201eUnser Kettwig der Zukunft\u201c gestartet. Der Prozess im Schulterschluss mit den B\u00fcrgerinnen und B\u00fcrgern ist als sich st\u00e4ndig erneuernde und aktualisierende Ideenschmiede f\u00fcr unseren Stadtteil gedacht. Die Ergebnisse werden regelm\u00e4\u00dfig auf www.kettwigander.ruhr nachzuverfolgen sein. In einem der n\u00e4chsten Schritte im Laufe der Monate soll diese Seite dann selber Plattform f\u00fcr den Dialog und Austausch werden.<\/p>\n\n\n\n<p>\u201eT\u00e4glich h\u00f6re, sehe und lese ich gute Ideen f\u00fcr unseren Stadtteil. Das sind einerseits ganz konkrete Beispiele, was man anpacken sollte, konstruktive Hinweise wo der Schuh dr\u00fcckt oder Meinungen, wo etwas besser oder anders laufen sollte. Diese Diskussionen finden teilweise in den sozialen Netzwerken statt, bei Gespr\u00e4chen auf der Stra\u00dfe oder beim Einkaufen, am Stammtisch, im Wartezimmer beim Arzt und an vielen anderen Orten. Ein Gro\u00dfteil dieser Ideen gehen jedoch verloren, da sie nicht gesammelt werden. Da wollen wir ansetzen. Denn es ist unsere \u00dcberzeugung, dass Politik nicht von oben verordnet, sondern im Austausch mit den Menschen, die sie betrifft, mit Leben gef\u00fcllt werden muss. Zu diesem Dialog wollen wir als SPD in Kettwig alle Interessierten einladen\u201c, so der <strong>Vorsitzende der SPD in Kettwig und Ratsherr Daniel Behmenburg<\/strong>.<\/p>\n\n\n\n<p>Behmenburgs Kollegin <strong>Ratsfrau Susanne Gilbert<\/strong>, erg\u00e4nzt: \u201eMit unseren monatlichen Stammtischen haben wir bereits in diesem Jahr die erste S\u00e4ule unseres Dialogprozesses gestartet. Nun wollen wir p\u00fcnktlich zum Jahreswechsel in zweite Phase gehen und auch dezentral die Meinungen sammeln, sortieren und ver\u00f6ffentlichen. Zuschriften sind herzlich willkommen, sei es digital oder analog. Im Stadtteilleben sind wir ebenso gerne Ansprechpartner wie an unseren Informationsst\u00e4nden. Jede Meinung ist willkommen. Es m\u00fcssen nicht immer ausgereifte Konzepte sein. Auch die kleinste Idee, die zum Nachdenken anregt, ist hilfreich. Unser Ziel ist ein Leitbild f\u00fcr unser Kettwig zu entwickeln, das sich st\u00e4ndig erneuert und von den Menschen hier erarbeitet wurde. Wir laden herzlich dazu ein, Teil dieses Netzwerkes zu sein. Weitere Informationen insbesondere zu den M\u00f6glichkeiten der Mitwirkung finden sich auf unserer Kampagneseite www.kettwigander.ruhr oder werden gerne im pers\u00f6nlichen Gespr\u00e4ch erl\u00e4utert.\u201c<\/p>\n","protected":false},"excerpt":{"rendered":"<p>Sozialdemokraten wollen gemeinsam mit den Menschen Ideen entwickeln. Die SPD in Kettwig hat das Dialogverfahren \u201eUnser Kettwig der Zukunft\u201c gestartet. Der Prozess im Schulterschluss mit den B\u00fcrgerinnen und B\u00fcrgern ist als sich st\u00e4ndig erneuernde und aktualisierende Ideenschmiede f\u00fcr unseren Stadtteil gedacht. Die Ergebnisse werden regelm\u00e4\u00dfig auf www.kettwigander.ruhr nachzuverfolgen sein. In [&hellip;]<\/p>\n","protected":false},"author":1,"featured_media":1721,"comment_status":"open","ping_status":"open","sticky":false,"template":"","format":"standard","meta":{"footnotes":""},"categories":[6],"tags":[310,313,314,312,311],"class_list":["post-1720","post","type-post","status-publish","format-standard","has-post-thumbnail","hentry","category-kettwig","tag-beteiligung","tag-dialog","tag-dialogverfahren","tag-unser-kettwig-der-zukunft","tag-zukunft"],"_links":{"self":[{"href":"https:\/\/daniel-behmenburg.de\/index.php?rest_route=\/wp\/v2\/posts\/1720","targetHints":{"allow":["GET"]}}],"collection":[{"href":"https:\/\/daniel-behmenburg.de\/index.php?rest_route=\/wp\/v2\/posts"}],"about":[{"href":"https:\/\/daniel-behmenburg.de\/index.php?rest_route=\/wp\/v2\/types\/post"}],"author":[{"embeddable":true,"href":"https:\/\/daniel-behmenburg.de\/index.php?rest_route=\/wp\/v2\/users\/1"}],"replies":[{"embeddable":true,"href":"https:\/\/daniel-behmenburg.de\/index.php?rest_route=%2Fwp%2Fv2%2Fcomments&post=1720"}],"version-history":[{"count":1,"href":"https:\/\/daniel-behmenburg.de\/index.php?rest_route=\/wp\/v2\/posts\/1720\/revisions"}],"predecessor-version":[{"id":1722,"href":"https:\/\/daniel-behmenburg.de\/index.php?rest_route=\/wp\/v2\/posts\/1720\/revisions\/1722"}],"wp:featuredmedia":[{"embeddable":true,"href":"https:\/\/daniel-behmenburg.de\/index.php?rest_route=\/wp\/v2\/media\/1721"}],"wp:attachment":[{"href":"https:\/\/daniel-behmenburg.de\/index.php?rest_route=%2Fwp%2Fv2%2Fmedia&parent=1720"}],"wp:term":[{"taxonomy":"category","embeddable":true,"href":"https:\/\/daniel-behmenburg.de\/index.php?rest_route=%2Fwp%2Fv2%2Fcategories&post=1720"},{"taxonomy":"post_tag","embeddable":true,"href":"https:\/\/daniel-behmenburg.de\/index.php?rest_route=%2Fwp%2Fv2%2Ftags&post=1720"}],"curies":[{"name":"wp","href":"https:\/\/api.w.org\/{rel}","templated":true}]}}