{"id":1716,"date":"2023-10-27T15:42:23","date_gmt":"2023-10-27T15:42:23","guid":{"rendered":"http:\/\/daniel-behmenburg.de\/?p=1716"},"modified":"2023-10-27T15:42:25","modified_gmt":"2023-10-27T15:42:25","slug":"kettwiger-feste-brauchen-unterstuetzung-und-nicht-mehr-buerokratie","status":"publish","type":"post","link":"https:\/\/daniel-behmenburg.de\/?p=1716","title":{"rendered":"Kettwiger Feste brauchen Unterst\u00fctzung und nicht mehr B\u00fcrokratie"},"content":{"rendered":"\n<p><strong>SPD appelliert an CDU und FDP in der Bezirksvertretung IX, Antrag zur\u00fcckziehen.<\/strong><\/p>\n\n\n\n<p>Ungl\u00e4ubig hat der SPD-Ortsverein Kettwig wie auch die SPD-Fraktion in der Bezirksvertretung IX den Antrag von CDU und FDP in der Bezirksvertretung zur Kenntnis genommen, dass der Aufbau von Stadtteilfesten auf dem Rathausplatz donnerstags und freitags erst ab 14 Uhr erlaubt sein soll und dar\u00fcber hinaus der Abbau bis zum Folgetag um 7 Uhr zu erfolgen hat.<\/p>\n\n\n\n<p>\u201eWas Stadtteilfeste nun wirklich nicht brauchen, ist ein Mehr an B\u00fcrokratie. Es ist doch schon ohne diesen Antrag Wahnsinn, was f\u00fcr Auflagen in den letzten Jahren dazu gekommen sind. Das ist f\u00fcr die ehrenamtlichen Veranstalter so schon kaum noch zu stemmen. Wer einen solchen Antrag stellt hat anscheinend noch nie im Leben ein Fest f\u00fcr den Stadtteil organisiert\u201c, so der&nbsp;<strong>Vorsitzende der SPD in Kettwig und Ratsherr Daniel Behmenburg<\/strong>, der selber bereits im Rahmen seines Vereinsengagements viele Feste und Veranstaltungen mit geplant und begleitet hat.<strong>&nbsp;\u201e<\/strong>Nehmen wir doch zum Beispiel das j\u00fcngst stattgefundene Brunnenfest. Wie soll denn eine Er\u00f6ffnung am Freitag um 18 Uhr m\u00f6glich sein, wenn erst ab 14 Uhr die B\u00fchne, die Getr\u00e4nkewagen, Sitzgelegenheiten und so weiter angeliefert werden d\u00fcrfen? Der Freitag ist aber einfach notwendig, damit ein solches Fest sich insbesondere f\u00fcr die Standbetreiber rechnet. Und sind wir doch mal ehrlich, der Freitagabend war beim Brunnenfest doch ein tolles Erlebnis. Fernab jeder Realit\u00e4t ist aber die Forderung, dass am Montag nach dem Fest um sieben Uhr morgens alles wegger\u00e4umt sein muss. Wie soll das denn funktionieren, wenn ein Fest bis 20 Uhr dauert? Es war doch bisher nie ein Problem. Die Veranstalter haben doch immer daf\u00fcr gesorgt, dass alles zeitnah abtransportiert wurde. Sollen dann jetzt zuk\u00fcnftig zulasten unserer Vereine Bu\u00dfgelder verh\u00e4ngt werden, wenn die Elektrofirma den Verteilerkasten erst Montagmittag abbaut, weil es vorher auftragsm\u00e4\u00dfig nicht passt?\u201c<\/p>\n\n\n\n<p>Behmenburgs Kollegin&nbsp;<strong>Heike Lohmann, Fraktionsvorsitzende der SPD in der Bezirksvertretung IX<\/strong>, erg\u00e4nzt: \u201eIch bin seit Beginn selber bei der Durchf\u00fchrung des Kettwiger Feierabendtreffs beteiligt, der in der Sommerzeit einmal im Monat donnerstags auf dem Rathausplatz stattfindet und sich gro\u00dfer Beliebtheit erfreut. Wir sind sehr froh, dass wir regelm\u00e4\u00dfig auf einen Getr\u00e4nkewagen zur\u00fcckgreifen k\u00f6nnen. Dieser kann auch schon mal vor 14 Uhr angeliefert werden, wenn das Fest um 16 Uhr beginnt. Auch die B\u00e4nke und St\u00fchle werden so angeliefert, wie es an dem Tag f\u00fcr die beauftragte Firma passt. Das kann dann ebenfalls schon mal vor 14 Uhr sein, zumal wir diese dann auch noch aufstellen m\u00fcssen. Ich appelliere hier dringend, pers\u00f6nlich und im Namen der SPD-Fraktion in der Bezirksvertretung IX, an CDU und FDP, diesen Antrag zur\u00fcckzuziehen und stattdessen lieber denjenigen Mitb\u00fcrgerinnen und Mitb\u00fcrgern zu danken, die sich ehrenamtlich daf\u00fcr einsetzen, dass unser Stadtteilleben durch Feste bereichert wird.\u201c<\/p>\n","protected":false},"excerpt":{"rendered":"<p>SPD appelliert an CDU und FDP in der Bezirksvertretung IX, Antrag zur\u00fcckziehen. Ungl\u00e4ubig hat der SPD-Ortsverein Kettwig wie auch die SPD-Fraktion in der Bezirksvertretung IX den Antrag von CDU und FDP in der Bezirksvertretung zur Kenntnis genommen, dass der Aufbau von Stadtteilfesten auf dem Rathausplatz donnerstags und freitags erst ab [&hellip;]<\/p>\n","protected":false},"author":1,"featured_media":1717,"comment_status":"open","ping_status":"open","sticky":false,"template":"","format":"standard","meta":{"footnotes":""},"categories":[6],"tags":[75,96,57,309],"class_list":["post-1716","post","type-post","status-publish","format-standard","has-post-thumbnail","hentry","category-kettwig","tag-bezirksvertretung","tag-feste","tag-kettwig","tag-veranstaltungen"],"_links":{"self":[{"href":"https:\/\/daniel-behmenburg.de\/index.php?rest_route=\/wp\/v2\/posts\/1716","targetHints":{"allow":["GET"]}}],"collection":[{"href":"https:\/\/daniel-behmenburg.de\/index.php?rest_route=\/wp\/v2\/posts"}],"about":[{"href":"https:\/\/daniel-behmenburg.de\/index.php?rest_route=\/wp\/v2\/types\/post"}],"author":[{"embeddable":true,"href":"https:\/\/daniel-behmenburg.de\/index.php?rest_route=\/wp\/v2\/users\/1"}],"replies":[{"embeddable":true,"href":"https:\/\/daniel-behmenburg.de\/index.php?rest_route=%2Fwp%2Fv2%2Fcomments&post=1716"}],"version-history":[{"count":1,"href":"https:\/\/daniel-behmenburg.de\/index.php?rest_route=\/wp\/v2\/posts\/1716\/revisions"}],"predecessor-version":[{"id":1718,"href":"https:\/\/daniel-behmenburg.de\/index.php?rest_route=\/wp\/v2\/posts\/1716\/revisions\/1718"}],"wp:featuredmedia":[{"embeddable":true,"href":"https:\/\/daniel-behmenburg.de\/index.php?rest_route=\/wp\/v2\/media\/1717"}],"wp:attachment":[{"href":"https:\/\/daniel-behmenburg.de\/index.php?rest_route=%2Fwp%2Fv2%2Fmedia&parent=1716"}],"wp:term":[{"taxonomy":"category","embeddable":true,"href":"https:\/\/daniel-behmenburg.de\/index.php?rest_route=%2Fwp%2Fv2%2Fcategories&post=1716"},{"taxonomy":"post_tag","embeddable":true,"href":"https:\/\/daniel-behmenburg.de\/index.php?rest_route=%2Fwp%2Fv2%2Ftags&post=1716"}],"curies":[{"name":"wp","href":"https:\/\/api.w.org\/{rel}","templated":true}]}}