{"id":1700,"date":"2023-05-04T19:00:00","date_gmt":"2023-05-04T19:00:00","guid":{"rendered":"http:\/\/daniel-behmenburg.de\/?p=1700"},"modified":"2023-05-04T13:16:20","modified_gmt":"2023-05-04T13:16:20","slug":"trinkwasserbrunnen-in-essen-gutes-projekt-aber-auch-entlegenere-standorte-ins-auge-fassen","status":"publish","type":"post","link":"https:\/\/daniel-behmenburg.de\/?p=1700","title":{"rendered":"Trinkwasserbrunnen in Essen \u2013 gutes Projekt, aber auch entlegenere Standorte ins Auge fassen"},"content":{"rendered":"\n<p><strong>In das 2016 in der Bezirksvertretung IX begonnene Projekt kommt wieder Bewegung<\/strong>.<\/p>\n\n\n\n<p>Der Ausschuss f\u00fcr Umwelt, Klima- und Verbraucherschutz hat sich in seiner Sitzung am vergangenen Dienstag f\u00fcr die Errichtung von \u00f6ffentlichen Trinkwasserbrunnen in Essen ausgesprochen. Die Zustimmung des Rates gilt nun als reine Formsache. Neu ist das Thema im Bezirk IX jedoch nicht. \u201eGerne habe ich in der Ausschusssitzung meine Hand f\u00fcr die Errichtung und den Betrieb von \u00f6ffentlichen Trinkwasserbrunnen gehoben. Bereits im Jahr 2016 haben wir als SPD in der Bezirksvertretung IX, damals im guten Miteinander mit den Kolleginnen und Kollegen der CDU unter Bezirksb\u00fcrgermeister Dr. Michael Bonmann, dieses Projekt angeregt (Antrag Nr. 1338\/2016\/CDU\/SPD). Unser Leitungswasser hat eine so herausragende Qualit\u00e4t, die man einfach nutzen muss. Dabei haben wir jedoch nicht so sehr \u00f6ffentliche Pl\u00e4tze, sondern die Fu\u00dfg\u00e4nger-, Rad- und Wanderwege rund um das Ruhrufer im Blick gehabt, an denen es keine M\u00f6glichkeit gibt, Getr\u00e4nke zu erwerben. Heutzutage w\u00fcrden wir bestimmt den Kettwiger Panoramasteig und den Baldeneysteig erg\u00e4nzen. Diese Idee taucht in der aktuellen Vorlage nicht auf. Da muss zuk\u00fcnftig ebenso nachgearbeitet werden wie bei der Frage, ob man das durchlaufende Wasser nicht zum Beispiel zur Bew\u00e4sserung von B\u00e4umen und Pflanzenbeeten nutzen kann\u201c, so der Kettwiger <strong>Ratsherr Daniel Behmenburg<\/strong>, der seinerzeit Fraktionsvorsitzender der SPD in der Bezirksvertretung IX war.<\/p>\n\n\n\n<p><strong>Jan Robert Belouschek<\/strong>, stellvertretender Vorsitzender der SPD in Kettwig und ehemaliges Mitglied der Bezirksvertretung IX erg\u00e4nzt: \u201eIch erinnere mich noch sehr gut an die ern\u00fcchternde Antwort der Verwaltung im Jahr 2017, dass die Aufstellung von Trinkwasserspendern an den j\u00e4hrlichen Betriebskosten von 2.000 bis 3.000 \u20ac scheitert. Ein wenig irritierend ist, dass diese Betriebskosten nun im Jahr 2023 mit 11.000 \u20ac veranschlagt werden. Da bin ich auf die Endabrechnung gespannt. Wir haben dann im Jahr 2019 noch einen Versuch zusammen mit der CDU gestartet, die Neugestaltung des Freiligrathplatzes f\u00fcr ein Pilotprojekt zu nutzen (Antrag Nr. 1262\/2019\/CDU\/SPD). Dieser Versuch scheiterte ebenso wie die von uns ebenfalls im Jahr 2019 gestartete Initiative vor dem Hintergrund des hei\u00dfen Sommers sowie bestehender F\u00f6rderprogramme (Antrag 1650\/2029\/SPD) entsprechende Trinkwasserstellen einzurichten. Dass die Idee nun doch noch zum Erfolg f\u00fchrt, freut mich und ist ein guter Beweis, dass die Bezirksvertretung IX damals ihrer Zeit voraus war.\u201c<\/p>\n","protected":false},"excerpt":{"rendered":"<p>In das 2016 in der Bezirksvertretung IX begonnene Projekt kommt wieder Bewegung. Der Ausschuss f\u00fcr Umwelt, Klima- und Verbraucherschutz hat sich in seiner Sitzung am vergangenen Dienstag f\u00fcr die Errichtung von \u00f6ffentlichen Trinkwasserbrunnen in Essen ausgesprochen. Die Zustimmung des Rates gilt nun als reine Formsache. Neu ist das Thema im [&hellip;]<\/p>\n","protected":false},"author":1,"featured_media":1702,"comment_status":"open","ping_status":"open","sticky":false,"template":"","format":"standard","meta":{"footnotes":""},"categories":[39],"tags":[300,299,298,140,296,297],"class_list":["post-1700","post","type-post","status-publish","format-standard","has-post-thumbnail","hentry","category-bezirk-ix","tag-baldeneysteig","tag-kettwiger-panoramasteig","tag-radwege","tag-trinkwasser","tag-trinkwasserbrunnen","tag-wanderwege"],"_links":{"self":[{"href":"https:\/\/daniel-behmenburg.de\/index.php?rest_route=\/wp\/v2\/posts\/1700","targetHints":{"allow":["GET"]}}],"collection":[{"href":"https:\/\/daniel-behmenburg.de\/index.php?rest_route=\/wp\/v2\/posts"}],"about":[{"href":"https:\/\/daniel-behmenburg.de\/index.php?rest_route=\/wp\/v2\/types\/post"}],"author":[{"embeddable":true,"href":"https:\/\/daniel-behmenburg.de\/index.php?rest_route=\/wp\/v2\/users\/1"}],"replies":[{"embeddable":true,"href":"https:\/\/daniel-behmenburg.de\/index.php?rest_route=%2Fwp%2Fv2%2Fcomments&post=1700"}],"version-history":[{"count":1,"href":"https:\/\/daniel-behmenburg.de\/index.php?rest_route=\/wp\/v2\/posts\/1700\/revisions"}],"predecessor-version":[{"id":1701,"href":"https:\/\/daniel-behmenburg.de\/index.php?rest_route=\/wp\/v2\/posts\/1700\/revisions\/1701"}],"wp:featuredmedia":[{"embeddable":true,"href":"https:\/\/daniel-behmenburg.de\/index.php?rest_route=\/wp\/v2\/media\/1702"}],"wp:attachment":[{"href":"https:\/\/daniel-behmenburg.de\/index.php?rest_route=%2Fwp%2Fv2%2Fmedia&parent=1700"}],"wp:term":[{"taxonomy":"category","embeddable":true,"href":"https:\/\/daniel-behmenburg.de\/index.php?rest_route=%2Fwp%2Fv2%2Fcategories&post=1700"},{"taxonomy":"post_tag","embeddable":true,"href":"https:\/\/daniel-behmenburg.de\/index.php?rest_route=%2Fwp%2Fv2%2Ftags&post=1700"}],"curies":[{"name":"wp","href":"https:\/\/api.w.org\/{rel}","templated":true}]}}