{"id":1690,"date":"2023-02-24T08:00:00","date_gmt":"2023-02-24T08:00:00","guid":{"rendered":"http:\/\/daniel-behmenburg.de\/?p=1690"},"modified":"2023-02-23T14:52:32","modified_gmt":"2023-02-23T14:52:32","slug":"fahrradstrasse-im-mintarder-weg-vorschlag-von-buergerschaft-und-spd-in-kettwig-setzt-sich-durch","status":"publish","type":"post","link":"https:\/\/daniel-behmenburg.de\/?p=1690","title":{"rendered":"<strong>Fahrradstra\u00dfe im Mintarder Weg \u2013 Vorschlag von B\u00fcrgerschaft und SPD in Kettwig setzt sich durch<\/strong>"},"content":{"rendered":"\n<p><strong>Verwaltung votiert f\u00fcr Beibehaltung des Status Quo und spricht sich gegen Routenalternativen aus |\u00a0SPD in Kettwig mahnt an, die Gewerbebetriebe auf der Ringstra\u00dfe im Blick zu behalten<\/strong>.<\/p>\n\n\n\n<p>Dazu f\u00fchrt die Kettwiger&nbsp;<strong>Ratsfrau Susanne Gilbert<\/strong>&nbsp;aus: \u201eWir sind als SPD in Kettwig sehr erleichtert \u00fcber die heute ver\u00f6ffentlichte Vorlage der Verwaltung zur geplanten Fahrradstra\u00dfe in Kettwig vor der Br\u00fccke im Bereich Volckmar-, Arndt-, Landsberger Stra\u00dfe und Mintarder Weg.&nbsp; F\u00fcr die Anwohnerinnen und Anwohner besteht nun endlich Sicherheit. Die Verwaltung kam zu dem Ergebnis, das von der Mehrheit der B\u00fcrgerschaft und der SPD in Kettwig seit Beginn der Diskussion bevorzugt wurde, n\u00e4mlich: keine Steuergelder in einen Bereich zu investieren, in dem es doch gut l\u00e4uft. Bei der Pr\u00fcfung von Alternativrouten des politischen Mitbewerbers in Kettwig \u00fcber die August-Thyssen-Stra\u00dfe ist man hingegen zu dem Ergebnis gekommen, das wir von Anfang an prognostiziert haben \u2013 nicht zul\u00e4ssig, zu teuer, kaum bis gar nicht umsetzbar. Diese Arbeit h\u00e4tte man der Verwaltung ersparen k\u00f6nnen. Weiter muss man aber nun die Gewerbetreibenden auf der Ringstra\u00dfe im Blick haben. Diese brauchen auch weiterhin vor der Ladent\u00fcre die M\u00f6glichkeit, dass ihre Kunden dort Waren einladen k\u00f6nnen.\u201c<\/p>\n\n\n\n<p>\u201eEs hat sich nun genau der Vorschlag durchgesetzt, den ich in der Sitzung des Ausschusses f\u00fcr Verkehr und Mobilit\u00e4t am 11. August 2022 als dritte Variante eingebracht habe, der von der Ratsmehrheit aber leider abgelehnt wurde. Ich bin der Verwaltung dankbar, dass sie diese Idee aber trotzdem mit auf den Weg genommen hat. Das entspricht dem, was wir als SPD in Kettwig auch als Wunsch aus der B\u00fcrgerschaft mitgenommen haben: Beibehaltung des doch gut funktionierenden Status Quo und eine Entsch\u00e4rfung der Situation in dem Kreuzungsbereich Arndtstra\u00dfe\/ Landsberger Stra\u00dfe \/Mintarder Weg. Die Idee einer \u201aFahrradzone\u2018, die keinen Wegfall von Parkraum bedeutet, sondern lediglich dem Radfahrer einen gewissen Vorrang einr\u00e4umt, finde ich pers\u00f6nlich einen guten Kompromiss, den man weiterverfolgen sollte\u201c, erg\u00e4nzt Gilberts Kettwiger Kollege&nbsp;<strong>Ratsherr Daniel Behmenburg<\/strong>.<\/p>\n\n\n\n<p><em>Verwaltungsvorlage 0280\/2023\/6, \u201eRadverkehrsanlage vom Panoramaradweg zum Ruhrtalradweg,\u00a0<br>hier: \u00dcberpr\u00fcfung Alternativrouten zu den Fahrradstra\u00dfen\u201c, direkter Link:<br><a href=\"https:\/\/ris.essen.de\/sdnetrim\/UGhVM0hpd2NXNFdFcExjZfdF365e0j0MwoBnSagJQQgKW8nlMcBSmmSeZJ0Dre_S\/Vorlage_0280-2023-6_2._Nachtrag.pdf\">https:\/\/ris.essen.de\/sdnetrim\/UGhVM0hpd2NXNFdFcExjZfdF365e0j0MwoBnSagJQQgKW8nlMcBSmmSeZJ0Dre_S\/Vorlage_0280-2023-6_2._Nachtrag.pdf<\/a><\/em><\/p>\n","protected":false},"excerpt":{"rendered":"<p>Verwaltung votiert f\u00fcr Beibehaltung des Status Quo und spricht sich gegen Routenalternativen aus |\u00a0SPD in Kettwig mahnt an, die Gewerbebetriebe auf der Ringstra\u00dfe im Blick zu behalten. Dazu f\u00fchrt die Kettwiger&nbsp;Ratsfrau Susanne Gilbert&nbsp;aus: \u201eWir sind als SPD in Kettwig sehr erleichtert \u00fcber die heute ver\u00f6ffentlichte Vorlage der Verwaltung zur geplanten [&hellip;]<\/p>\n","protected":false},"author":1,"featured_media":1694,"comment_status":"open","ping_status":"open","sticky":false,"template":"","format":"standard","meta":{"footnotes":""},"categories":[6],"tags":[90,291,57,121,69],"class_list":["post-1690","post","type-post","status-publish","format-standard","has-post-thumbnail","hentry","category-kettwig","tag-fahrradstrasse","tag-fahrradzone","tag-kettwig","tag-kettwig-vor-der-bruecke","tag-radverkehr"],"_links":{"self":[{"href":"https:\/\/daniel-behmenburg.de\/index.php?rest_route=\/wp\/v2\/posts\/1690","targetHints":{"allow":["GET"]}}],"collection":[{"href":"https:\/\/daniel-behmenburg.de\/index.php?rest_route=\/wp\/v2\/posts"}],"about":[{"href":"https:\/\/daniel-behmenburg.de\/index.php?rest_route=\/wp\/v2\/types\/post"}],"author":[{"embeddable":true,"href":"https:\/\/daniel-behmenburg.de\/index.php?rest_route=\/wp\/v2\/users\/1"}],"replies":[{"embeddable":true,"href":"https:\/\/daniel-behmenburg.de\/index.php?rest_route=%2Fwp%2Fv2%2Fcomments&post=1690"}],"version-history":[{"count":1,"href":"https:\/\/daniel-behmenburg.de\/index.php?rest_route=\/wp\/v2\/posts\/1690\/revisions"}],"predecessor-version":[{"id":1692,"href":"https:\/\/daniel-behmenburg.de\/index.php?rest_route=\/wp\/v2\/posts\/1690\/revisions\/1692"}],"wp:featuredmedia":[{"embeddable":true,"href":"https:\/\/daniel-behmenburg.de\/index.php?rest_route=\/wp\/v2\/media\/1694"}],"wp:attachment":[{"href":"https:\/\/daniel-behmenburg.de\/index.php?rest_route=%2Fwp%2Fv2%2Fmedia&parent=1690"}],"wp:term":[{"taxonomy":"category","embeddable":true,"href":"https:\/\/daniel-behmenburg.de\/index.php?rest_route=%2Fwp%2Fv2%2Fcategories&post=1690"},{"taxonomy":"post_tag","embeddable":true,"href":"https:\/\/daniel-behmenburg.de\/index.php?rest_route=%2Fwp%2Fv2%2Ftags&post=1690"}],"curies":[{"name":"wp","href":"https:\/\/api.w.org\/{rel}","templated":true}]}}