{"id":1669,"date":"2022-10-04T10:45:00","date_gmt":"2022-10-04T10:45:00","guid":{"rendered":"http:\/\/daniel-behmenburg.de\/?p=1669"},"modified":"2022-10-17T10:49:17","modified_gmt":"2022-10-17T10:49:17","slug":"die-sportlerinnen-und-sportler-auf-der-bezirkssportanlage-oststadt-haben-mehr-verdient","status":"publish","type":"post","link":"https:\/\/daniel-behmenburg.de\/?p=1669","title":{"rendered":"Die Sportlerinnen und Sportler auf der Bezirkssportanlage Oststadt haben mehr verdient"},"content":{"rendered":"\n<p><strong>Wieder einmal standen bei CDU und GR\u00dcNEN Befindlichkeiten und nicht die Sache im Vordergrund.<\/strong><\/p>\n\n\n\n<p>Auch in der Woche nach der Ratssitzung kann Ratsfrau Michaela Heuser das ablehnende Votum der schwarz-gr\u00fcnen Koalition im Stadtrat zur Bezirkssportanlage Oststadt nicht fassen: \u201eIch habe es sehr begr\u00fc\u00dft, dass wir das Thema Bezirkssportanlage Oststadt auf die Tagesordnung bekommen haben. Gab es doch im letzten Jahr mehrere fraktions\u00fcbergreifende Termine vor Ort, bei dem sich alle Anwesenden einig waren, dass hier was getan werden muss. Insbesondere MTG Horst als einer der gr\u00f6\u00dften Essener Vereine stand im Fokus. F\u00fcr uns als SPD war immer klar: Wenn hier einmal die Bagger anr\u00fccken, dann sollte auch so viel wie m\u00f6glich erledigt werden, denn eine Baustelle stellt Vereinsleben und Trainingsbetrieb immer vor eine gro\u00dfe Herausforderung und ist immer mit Einschr\u00e4nkungen verbunden. Deshalb haben wir erg\u00e4nzend zu dem Ansinnen von CDU und GR\u00dcNEN, das Umkleidegeb\u00e4ude zu sanieren, auch den Kunstrasenplatz und die dringend ben\u00f6tigte Kunststofflaufbahn beantragt. Das auch vor dem Hintergrund, dass die Sportlerinnen und Sportler genau diesen Wunsch ge\u00e4u\u00dfert haben. Der Ball liegt nun auf dem Feld von schwarz-gr\u00fcn, Ihr Votum noch einmal zu \u00fcberdenken, um die bestm\u00f6gliche L\u00f6sung auf der Bezirkssportanlage Oststadt zu erzielen. Wir sind weiterhin gespr\u00e4chsbereit.\u201c<\/p>\n\n\n\n<p>\u201eWenn man den Gang der Diskussion betrachtet bekommt man schon Zweifel daran, ob das anscheinend auf Dr\u00e4ngen der CDU zustande gekommene \u201aNein\u2018 der schwarz-gr\u00fcnen Mehrheit nur auf sachlichen Erw\u00e4gungen fu\u00dft. Problematisch war f\u00fcr die Kolleginnen und Kollegen der Union nach eigener Aussage in der Sitzung des Sportausschusses der Umbau des Tennenplatzes in einen Kunstrasenplatz. Deshalb haben wir diesen Punkt aus dem Antrag herausgenommen, um so als Kompromiss zu einer Entscheidung im Sinne der Sportler zu kommen. Aber auch das konnte die Mehrheitskoalition nicht zur Zustimmung bewegen. So liegt der Verdacht nahe, dass man hier wieder einmal einfach keinem fremden Antrag zustimmen wollte. Koalitionsr\u00e4son f\u00fcr Sachargumenten scheint die Devise gewesen sein. Ich danke aber den Kolleginnen und Kollegen der FDP und des EBB, die im Sinne der Sache nach der Antrags\u00e4nderung Ihr urspr\u00fcngliches Votum \u00fcberdacht und dem Antrag zugestimmt haben. So funktioniert ein konstruktives Miteinander\u201c, so Heusers Kollege Daniel Behmenburg, sportpolitischer Sprecher der SPD-Ratsfraktion.<\/p>\n","protected":false},"excerpt":{"rendered":"<p>Wieder einmal standen bei CDU und GR\u00dcNEN Befindlichkeiten und nicht die Sache im Vordergrund. Auch in der Woche nach der Ratssitzung kann Ratsfrau Michaela Heuser das ablehnende Votum der schwarz-gr\u00fcnen Koalition im Stadtrat zur Bezirkssportanlage Oststadt nicht fassen: \u201eIch habe es sehr begr\u00fc\u00dft, dass wir das Thema Bezirkssportanlage Oststadt auf [&hellip;]<\/p>\n","protected":false},"author":1,"featured_media":1672,"comment_status":"open","ping_status":"open","sticky":false,"template":"","format":"standard","meta":{"footnotes":""},"categories":[35],"tags":[],"class_list":["post-1669","post","type-post","status-publish","format-standard","has-post-thumbnail","hentry","category-sport"],"_links":{"self":[{"href":"https:\/\/daniel-behmenburg.de\/index.php?rest_route=\/wp\/v2\/posts\/1669","targetHints":{"allow":["GET"]}}],"collection":[{"href":"https:\/\/daniel-behmenburg.de\/index.php?rest_route=\/wp\/v2\/posts"}],"about":[{"href":"https:\/\/daniel-behmenburg.de\/index.php?rest_route=\/wp\/v2\/types\/post"}],"author":[{"embeddable":true,"href":"https:\/\/daniel-behmenburg.de\/index.php?rest_route=\/wp\/v2\/users\/1"}],"replies":[{"embeddable":true,"href":"https:\/\/daniel-behmenburg.de\/index.php?rest_route=%2Fwp%2Fv2%2Fcomments&post=1669"}],"version-history":[{"count":1,"href":"https:\/\/daniel-behmenburg.de\/index.php?rest_route=\/wp\/v2\/posts\/1669\/revisions"}],"predecessor-version":[{"id":1671,"href":"https:\/\/daniel-behmenburg.de\/index.php?rest_route=\/wp\/v2\/posts\/1669\/revisions\/1671"}],"wp:featuredmedia":[{"embeddable":true,"href":"https:\/\/daniel-behmenburg.de\/index.php?rest_route=\/wp\/v2\/media\/1672"}],"wp:attachment":[{"href":"https:\/\/daniel-behmenburg.de\/index.php?rest_route=%2Fwp%2Fv2%2Fmedia&parent=1669"}],"wp:term":[{"taxonomy":"category","embeddable":true,"href":"https:\/\/daniel-behmenburg.de\/index.php?rest_route=%2Fwp%2Fv2%2Fcategories&post=1669"},{"taxonomy":"post_tag","embeddable":true,"href":"https:\/\/daniel-behmenburg.de\/index.php?rest_route=%2Fwp%2Fv2%2Ftags&post=1669"}],"curies":[{"name":"wp","href":"https:\/\/api.w.org\/{rel}","templated":true}]}}