{"id":1664,"date":"2022-09-05T16:57:28","date_gmt":"2022-09-05T16:57:28","guid":{"rendered":"http:\/\/daniel-behmenburg.de\/?p=1664"},"modified":"2022-09-05T16:57:30","modified_gmt":"2022-09-05T16:57:30","slug":"spd-in-kettwig-beteiligt-sich-beim-ruhrcleanup-2022-am-10-september","status":"publish","type":"post","link":"https:\/\/daniel-behmenburg.de\/?p=1664","title":{"rendered":"SPD in Kettwig beteiligt sich beim RuhrCleanUp! 2022 am 10. September."},"content":{"rendered":"\n<p>Helfende H\u00e4nde sind herzlich willkommen.<\/p>\n\n\n\n<p>Die SPD in Kettwig ist auch dieses Jahr beim RuhrCleanUp! dabei. Ziel dieser st\u00e4dte\u00fcbergreifenden Aktion ist es, die Ruhr&nbsp;von der Quelle bis zur M\u00fcndung auf den gesamten 219,3 km zu s\u00e4ubern.&nbsp;<\/p>\n\n\n\n<p>\u201eGemeinsam wollen wir das Ruhrufer in Kettwig von achtlos weggeworfenem M\u00fcll befreien und die gemeinsamen Stunden auch dazu nutzen, miteinander ins Gespr\u00e4ch zu kommen. In diesem Jahr f\u00fcr uns eine noch wichtigere Aktion als sonst, da auch immer noch mitgesp\u00fclte Reste des Hochwassers im letzten Jahr sich in den B\u00fcschen und B\u00e4umen am Uferrand verfangen haben. Helfende H\u00e4nde sind uns herzlich willkommen\u201c, so Daniel Behmenburg, Vorsitzender der SPD in Kettwig.<\/p>\n\n\n\n<p>Treffpunkt ist am kommenden Samstag, den 10. September 2022 um 10:00 Uhr an der Br\u00fccke am M\u00fchlengraben. Die Dauer wird auf ca. zwei Stunden gesch\u00e4tzt. Zangen und M\u00fclls\u00e4cke sind vorhanden, weiteres Werkzeug und Handschuhe bringen die Teilnehmerinnen und Teilnehmer bitte selber mit. Zur besseren Planung wird um eine kurze Anmeldung unter\u00a0<a href=\"mailto:anmeldung@kettwigander.ruhr\">anmeldung@kettwigander.ruhr<\/a>\u00a0gebeten.<\/p>\n\n\n\n<p>Zur geht es zu unserer Aktionsseite beim RuhrCleanUp! <a rel=\"noreferrer noopener\" href=\"https:\/\/www.ruhrcleanup.org\/de\/ruhrcleanup\/team-spd-kettwig\" target=\"_blank\">https:\/\/www.ruhrcleanup.org\/de\/ruhrcleanup\/team-spd-kettwig<\/a> .<\/p>\n","protected":false},"excerpt":{"rendered":"<p>Helfende H\u00e4nde sind herzlich willkommen. Die SPD in Kettwig ist auch dieses Jahr beim RuhrCleanUp! dabei. Ziel dieser st\u00e4dte\u00fcbergreifenden Aktion ist es, die Ruhr&nbsp;von der Quelle bis zur M\u00fcndung auf den gesamten 219,3 km zu s\u00e4ubern.&nbsp; \u201eGemeinsam wollen wir das Ruhrufer in Kettwig von achtlos weggeworfenem M\u00fcll befreien und die [&hellip;]<\/p>\n","protected":false},"author":1,"featured_media":1665,"comment_status":"open","ping_status":"open","sticky":false,"template":"","format":"standard","meta":{"footnotes":""},"categories":[6],"tags":[86,57,279,280,159],"class_list":["post-1664","post","type-post","status-publish","format-standard","has-post-thumbnail","hentry","category-kettwig","tag-aufraeumen","tag-kettwig","tag-ruhrcleanup","tag-ruhrufer","tag-wastewalk"],"_links":{"self":[{"href":"https:\/\/daniel-behmenburg.de\/index.php?rest_route=\/wp\/v2\/posts\/1664","targetHints":{"allow":["GET"]}}],"collection":[{"href":"https:\/\/daniel-behmenburg.de\/index.php?rest_route=\/wp\/v2\/posts"}],"about":[{"href":"https:\/\/daniel-behmenburg.de\/index.php?rest_route=\/wp\/v2\/types\/post"}],"author":[{"embeddable":true,"href":"https:\/\/daniel-behmenburg.de\/index.php?rest_route=\/wp\/v2\/users\/1"}],"replies":[{"embeddable":true,"href":"https:\/\/daniel-behmenburg.de\/index.php?rest_route=%2Fwp%2Fv2%2Fcomments&post=1664"}],"version-history":[{"count":1,"href":"https:\/\/daniel-behmenburg.de\/index.php?rest_route=\/wp\/v2\/posts\/1664\/revisions"}],"predecessor-version":[{"id":1666,"href":"https:\/\/daniel-behmenburg.de\/index.php?rest_route=\/wp\/v2\/posts\/1664\/revisions\/1666"}],"wp:featuredmedia":[{"embeddable":true,"href":"https:\/\/daniel-behmenburg.de\/index.php?rest_route=\/wp\/v2\/media\/1665"}],"wp:attachment":[{"href":"https:\/\/daniel-behmenburg.de\/index.php?rest_route=%2Fwp%2Fv2%2Fmedia&parent=1664"}],"wp:term":[{"taxonomy":"category","embeddable":true,"href":"https:\/\/daniel-behmenburg.de\/index.php?rest_route=%2Fwp%2Fv2%2Fcategories&post=1664"},{"taxonomy":"post_tag","embeddable":true,"href":"https:\/\/daniel-behmenburg.de\/index.php?rest_route=%2Fwp%2Fv2%2Ftags&post=1664"}],"curies":[{"name":"wp","href":"https:\/\/api.w.org\/{rel}","templated":true}]}}