{"id":1651,"date":"2022-08-18T07:54:07","date_gmt":"2022-08-18T07:54:07","guid":{"rendered":"http:\/\/daniel-behmenburg.de\/?p=1651"},"modified":"2022-08-29T08:31:30","modified_gmt":"2022-08-29T08:31:30","slug":"nicht-alle-alternativen-auf-dem-pruefstand-chance-fuer-den-mintarder-weg-von-ausschussmehrheit-vertan","status":"publish","type":"post","link":"https:\/\/daniel-behmenburg.de\/?p=1651","title":{"rendered":"Nicht alle Alternativen auf dem Pr\u00fcfstand \u2013 Chance f\u00fcr den Mintarder Weg von Ausschussmehrheit vertan"},"content":{"rendered":"\n<p>Der Ausschuss f\u00fcr Verkehr und Mobilit\u00e4t hat entschieden, zwei Alternativen f\u00fcr den Radverkehr in den Nebenstra\u00dfen in Kettwig vor der Br\u00fccke zu pr\u00fcfen. Nicht dabei ist leider die Variante der beteiligten B\u00fcrgerinnen und B\u00fcrger.&nbsp;<\/p>\n\n\n\n<p>Eine vertane Chance wie der Kettwiger Ratsherr Daniel Behmenburg meint: \u201eWir haben als SPD extra noch beantragt, die dritte M\u00f6glichkeit, den gut funktionierenden status quo beizubehalten, auch zu pr\u00fcfen. Immerhin kommt diese Idee unter anderem direkt aus der B\u00fcrgerschaft. Leider konnte sich die Ratsmehrheit nicht durchringen, diesen wahrscheinlich einzig zu realisierenden Kompromiss in die weiteren \u00dcberlegungen einzuschlie\u00dfen. \u00dcber die Gr\u00fcnde kann man nur mutma\u00dfen, aber wahrscheinlich fehlte bei dieser Variante einfach das Label \u201aCDU\u2018. Wir h\u00e4tten uns sogar noch vorstellen k\u00f6nnen, erg\u00e4nzend einige Gefahrenstelle an der Ecke Arndtstra\u00dfe\/ Landsberger Stra\u00dfe\/ Mintarder Weg zu \u00fcberarbeiten und die Beschilderung zu verbessern. Schade f\u00fcr die Anwohnerinnen und Anwohner des Mintarder Weges, die um diese Alternative nun beraubt wurden.\u201c<\/p>\n\n\n\n<p>\u201eWir h\u00e4tten auch bereitgestanden, die Planungen f\u00fcr die Nebenstra\u00dfen in vor der Br\u00fccke aus der Vorlage herauszunehmen. Das w\u00e4re ein guter Kompromiss gewesen. Denn eigentlich haben sich die Verkehrsteilnehmer hier doch gut arrangiert\u201c, erg\u00e4nzt Behmenburgs Ratskollegin Susanne Gilbert. \u201eEs mangelt aber auch an Ehrlichkeit gegen\u00fcber den Menschen vor Ort. Die beiden Alternativen der CDU bedeuten eine Verlegung des Ruhrtalradweges. Daf\u00fcr ist die Stadt Essen gar nicht zust\u00e4ndig. So werden diese Ideen nicht mehr als eine Nebelkerze bleiben und die Entt\u00e4uschung vor Ort wird im Ergebnis gro\u00df sein. Wir hatten aber auch noch mehr Anregungen. Insbesondere f\u00fcr den Bereich der Ringstra\u00dfe konnten wir uns auch andere Entsch\u00e4rfungsma\u00dfnahmen vorstellen. Zum Beispiel wollten wir hier ein Tempo 30 pr\u00fcfen lassen. Auch um die Gefahrenstellen an der Ein- und Ausfahrt Montebruchstra\u00dfe zu entsch\u00e4rfen. Auch diesem Vorschlag wollte man sich nicht anschlie\u00dfen. Seitens der CDU wurden nun im Ergebnis ihre Vorschl\u00e4ge durchgepeitscht, ohne auf gute Ratschl\u00e4ge und Erg\u00e4nzungen von anderer Seite und insbesondere der Anwohnerinnen und Anwohner in vor der Br\u00fccke zu h\u00f6ren. Das ist sehr bedauerlich und nicht im Sinne der Betroffenen.\u201c<\/p>\n","protected":false},"excerpt":{"rendered":"<p>Der Ausschuss f\u00fcr Verkehr und Mobilit\u00e4t hat entschieden, zwei Alternativen f\u00fcr den Radverkehr in den Nebenstra\u00dfen in Kettwig vor der Br\u00fccke zu pr\u00fcfen. Nicht dabei ist leider die Variante der beteiligten B\u00fcrgerinnen und B\u00fcrger.&nbsp; Eine vertane Chance wie der Kettwiger Ratsherr Daniel Behmenburg meint: \u201eWir haben als SPD extra noch [&hellip;]<\/p>\n","protected":false},"author":1,"featured_media":1657,"comment_status":"open","ping_status":"open","sticky":false,"template":"","format":"standard","meta":{"footnotes":""},"categories":[6],"tags":[90,57,118,69,275],"class_list":["post-1651","post","type-post","status-publish","format-standard","has-post-thumbnail","hentry","category-kettwig","tag-fahrradstrasse","tag-kettwig","tag-mintarder-weg","tag-radverkehr","tag-vor-der-bruecke"],"_links":{"self":[{"href":"https:\/\/daniel-behmenburg.de\/index.php?rest_route=\/wp\/v2\/posts\/1651","targetHints":{"allow":["GET"]}}],"collection":[{"href":"https:\/\/daniel-behmenburg.de\/index.php?rest_route=\/wp\/v2\/posts"}],"about":[{"href":"https:\/\/daniel-behmenburg.de\/index.php?rest_route=\/wp\/v2\/types\/post"}],"author":[{"embeddable":true,"href":"https:\/\/daniel-behmenburg.de\/index.php?rest_route=\/wp\/v2\/users\/1"}],"replies":[{"embeddable":true,"href":"https:\/\/daniel-behmenburg.de\/index.php?rest_route=%2Fwp%2Fv2%2Fcomments&post=1651"}],"version-history":[{"count":2,"href":"https:\/\/daniel-behmenburg.de\/index.php?rest_route=\/wp\/v2\/posts\/1651\/revisions"}],"predecessor-version":[{"id":1658,"href":"https:\/\/daniel-behmenburg.de\/index.php?rest_route=\/wp\/v2\/posts\/1651\/revisions\/1658"}],"wp:featuredmedia":[{"embeddable":true,"href":"https:\/\/daniel-behmenburg.de\/index.php?rest_route=\/wp\/v2\/media\/1657"}],"wp:attachment":[{"href":"https:\/\/daniel-behmenburg.de\/index.php?rest_route=%2Fwp%2Fv2%2Fmedia&parent=1651"}],"wp:term":[{"taxonomy":"category","embeddable":true,"href":"https:\/\/daniel-behmenburg.de\/index.php?rest_route=%2Fwp%2Fv2%2Fcategories&post=1651"},{"taxonomy":"post_tag","embeddable":true,"href":"https:\/\/daniel-behmenburg.de\/index.php?rest_route=%2Fwp%2Fv2%2Ftags&post=1651"}],"curies":[{"name":"wp","href":"https:\/\/api.w.org\/{rel}","templated":true}]}}