{"id":1642,"date":"2022-06-22T15:44:43","date_gmt":"2022-06-22T15:44:43","guid":{"rendered":"http:\/\/daniel-behmenburg.de\/?p=1642"},"modified":"2022-06-22T15:44:45","modified_gmt":"2022-06-22T15:44:45","slug":"ratsrede-zum-thema-umkleidegebaeude-auf-der-bezirkssportanlage-oststadt","status":"publish","type":"post","link":"https:\/\/daniel-behmenburg.de\/?p=1642","title":{"rendered":"Ratsrede zum Thema &#8222;Umkleidegeb\u00e4ude auf der Bezirkssportanlage Oststadt&#8220;"},"content":{"rendered":"\n<p>&#8211; es gilt das gesprochene Wort &#8211; <\/p>\n\n\n\n<p>Sehr geehrter Herr Oberb\u00fcrgermeister,<br>liebe Kolleginnen und Kollegen,<\/p>\n\n\n\n<p>Das Thema Bezirkssportanlage Oststadt ist kein neues. Die Kolleginnen und Kollegen vor Ort haben sich bereits h\u00e4ufig mit der Verwaltung getroffen und die Situation diskutiert. Und man war sich einig. Fr\u00fcher w\u00e4re es einmal demokratische Gepflogenheit gewesen, diese gemeinsamen Ergebnisse in einen gemeinsamen Antrag m\u00fcnden zu lassen. Aber sei es drum. Das waren wohl auch noch die Zeiten, in denen man Antr\u00e4ge zum Thema nicht einfach mehrheitlich von der Tagesordnung gestimmt, sondern dar\u00fcber debattiert hat.<\/p>\n\n\n\n<p>In der Sache ist dieser Antrag das Ergebnis der gemeinsamen Gespr\u00e4che. Deshalb stimmen wir nat\u00fcrlich zu.<\/p>\n\n\n\n<p>Wir gehen aber noch einen Schritt weiter. Wir sagen ganz deutlich: So toll ein Umbau auf der Anlage f\u00fcr einen Verein ist, umso belastender ist die Bauzeit. Einschr\u00e4nkungen im Normalbetrieb, im Vereinsleben und bei Veranstaltungen sind nur ein paar Beispiele. Und die sind immens. Deshalb sagen wir ganz deutlich: Wenn wir eine Anlage anpacken, dann lasst sie uns auch direkt ganz und ordentlich machen, wenn der Bagger doch eh da steht. So stellen wir die Nutzerinnen und Nutzer nur einmal vor eine Bew\u00e4hrungsprobe. <\/p>\n\n\n\n<p>Deshalb h\u00e4tten wir heute auch gerne dar\u00fcber entschieden, die Kunststoffrundlaufbahn und den Kunstrasen direkt mitzumachen. Im Sinne der Sportlerinnen und Sportler vor Ort.<\/p>\n","protected":false},"excerpt":{"rendered":"<p>&#8211; es gilt das gesprochene Wort &#8211; Sehr geehrter Herr Oberb\u00fcrgermeister,liebe Kolleginnen und Kollegen, Das Thema Bezirkssportanlage Oststadt ist kein neues. Die Kolleginnen und Kollegen vor Ort haben sich bereits h\u00e4ufig mit der Verwaltung getroffen und die Situation diskutiert. Und man war sich einig. Fr\u00fcher w\u00e4re es einmal demokratische Gepflogenheit [&hellip;]<\/p>\n","protected":false},"author":1,"featured_media":1524,"comment_status":"open","ping_status":"open","sticky":false,"template":"","format":"standard","meta":{"footnotes":""},"categories":[246],"tags":[272,273,188,189],"class_list":["post-1642","post","type-post","status-publish","format-standard","has-post-thumbnail","hentry","category-rede","tag-bezirkssportanlage","tag-oststadt","tag-sport","tag-sportpolitik"],"_links":{"self":[{"href":"https:\/\/daniel-behmenburg.de\/index.php?rest_route=\/wp\/v2\/posts\/1642","targetHints":{"allow":["GET"]}}],"collection":[{"href":"https:\/\/daniel-behmenburg.de\/index.php?rest_route=\/wp\/v2\/posts"}],"about":[{"href":"https:\/\/daniel-behmenburg.de\/index.php?rest_route=\/wp\/v2\/types\/post"}],"author":[{"embeddable":true,"href":"https:\/\/daniel-behmenburg.de\/index.php?rest_route=\/wp\/v2\/users\/1"}],"replies":[{"embeddable":true,"href":"https:\/\/daniel-behmenburg.de\/index.php?rest_route=%2Fwp%2Fv2%2Fcomments&post=1642"}],"version-history":[{"count":3,"href":"https:\/\/daniel-behmenburg.de\/index.php?rest_route=\/wp\/v2\/posts\/1642\/revisions"}],"predecessor-version":[{"id":1645,"href":"https:\/\/daniel-behmenburg.de\/index.php?rest_route=\/wp\/v2\/posts\/1642\/revisions\/1645"}],"wp:featuredmedia":[{"embeddable":true,"href":"https:\/\/daniel-behmenburg.de\/index.php?rest_route=\/wp\/v2\/media\/1524"}],"wp:attachment":[{"href":"https:\/\/daniel-behmenburg.de\/index.php?rest_route=%2Fwp%2Fv2%2Fmedia&parent=1642"}],"wp:term":[{"taxonomy":"category","embeddable":true,"href":"https:\/\/daniel-behmenburg.de\/index.php?rest_route=%2Fwp%2Fv2%2Fcategories&post=1642"},{"taxonomy":"post_tag","embeddable":true,"href":"https:\/\/daniel-behmenburg.de\/index.php?rest_route=%2Fwp%2Fv2%2Ftags&post=1642"}],"curies":[{"name":"wp","href":"https:\/\/api.w.org\/{rel}","templated":true}]}}