{"id":1639,"date":"2022-06-10T14:53:06","date_gmt":"2022-06-10T14:53:06","guid":{"rendered":"http:\/\/daniel-behmenburg.de\/?p=1639"},"modified":"2022-08-29T08:37:25","modified_gmt":"2022-08-29T08:37:25","slug":"die-spd-in-kettwig-hat-ihren-vorstand-fuer-die-naechsten-zwei-jahre-gewaehlt","status":"publish","type":"post","link":"https:\/\/daniel-behmenburg.de\/?p=1639","title":{"rendered":"Die SPD in Kettwig hat ihren Vorstand f\u00fcr die n\u00e4chsten zwei Jahre gew\u00e4hlt"},"content":{"rendered":"\n<p>Nach zwei Jahren Pandemie sind die Genossinnen und Genossen voller Tatendrang<\/p>\n\n\n\n<p>Die SPD in Kettwig hat ihre personellen Weichen f\u00fcr die n\u00e4chsten zwei Jahre gestellt. \u201eIch freue mich sehr, mit einem tollen Team in die Zukunft zu schauen und unser Dorf voranzubringen\u201c, kommentiert der Kettwiger Ratsherr Daniel Behmenburg die Ergebnisse der Jahreshauptversammlung. Er wurde als Vorsitzender best\u00e4tigt. Jan Robert Belouschek fungiert auch weiterhin als stellvertretender Vorsitzender, Susanne Gilbert bleibt mit Thomas Lenk als Stellvertreter Schatzmeisterin, Danielle Sch\u00e4fer mit Heike Lohmann als Stellvertreterin Schriftf\u00fchrerin. Als Beisitzerinnen und Beisitzer wieder gew\u00e4hlt wurden Elfriede und Wolfgang Jacob, Martin Kryl und Wolfgang Lettow. Neu im Vorstandsteam sind Anja Neef, Sascha Pampus und Felix Merscheim.<\/p>\n\n\n\n<p>Verabschiedet wurde Elke Gockel, die nach vielen engagierten Jahren im Vorstand aus privaten Gr\u00fcnden nicht mehr angetreten ist. Der Ortsverein Kettwig der SPD dankt Elke ganz herzlich f\u00fcr die Energie, mit der sie den Ortsverein unterst\u00fctzt hat. Ganz herzlich bedankte sich der Vorsitzende Daniel Behmenburg bei ihr f\u00fcr die pers\u00f6nliche Unterst\u00fctzung in nicht ganz leichten Zeiten des Ortsvereins und das vertrauensvolle Miteinander. Elke Gockel wird die SPD in Kettwig auch zuk\u00fcnftig im Rahmen ihrer zeitlichen M\u00f6glichkeiten unterst\u00fctzen.<\/p>\n\n\n\n<p>Der neue Vorstand hat auch bereits Schwerpunkte der zuk\u00fcnftigen Arbeit beschlossen. Die SPD m\u00f6chte auch weiter K\u00fcmmerer vor Ort sein \u2013 ansprechbar, zuh\u00f6rend und anpackend. Mit ein paar neuen Formaten will man hierbei auch die Menschen erreichen, die nicht samstags morgens am klassischen Infostand vorbeikommen. Insbesondere m\u00f6chte man mit den Menschen diskutieren, wie das Kettwig der Zukunft aussehen soll. Was positiv gesehen wird, wo der Schuh dr\u00fcckt und woran es mangelt. Gesellige Anl\u00e4sse und gemeinsames Erkunden unserer Umgebung sollen zuk\u00fcnftig ebenso angeboten werden wie auch wieder die traditionellen Bezirksspazierg\u00e4nge. Sascha und Felix werden als junge Neuzug\u00e4nge&nbsp; verst\u00e4rkt Ansprechpartner f\u00fcr ihre Generation sein. Intern soll im Hinblick auf das nahende Jubil\u00e4um die Geschichte des SPD-Ortsvereins Kettwig aufgearbeitet und dokumentiert werden. Wer hier Informationen, Fotos oder alte Dokumente hat, ist herzlich eingeladen, sich zu melden. Das sind nur ein paar Beispiele daf\u00fcr, was die Kettwiger Sozialdemokraten sich f\u00fcr die n\u00e4chste Zeit auf die Fahne geschrieben haben.<\/p>\n\n\n\n<p>Erreichbar ist der Vorstand neben dem pers\u00f6nlichen Gespr\u00e4ch auch \u00fcber die Mailadresse\u00a0vorstand@kettwigander.ruhr\u00a0.<\/p>\n\n\n\n<figure class=\"wp-block-image size-large\"><img loading=\"lazy\" decoding=\"async\" width=\"1024\" height=\"684\" src=\"http:\/\/daniel-behmenburg.de\/wp-content\/uploads\/2022\/06\/Vorstand-SPD-Kettwig-2022-2024-1024x684.jpg\" alt=\"\" class=\"wp-image-1660\" srcset=\"https:\/\/daniel-behmenburg.de\/wp-content\/uploads\/2022\/06\/Vorstand-SPD-Kettwig-2022-2024-1024x684.jpg 1024w, https:\/\/daniel-behmenburg.de\/wp-content\/uploads\/2022\/06\/Vorstand-SPD-Kettwig-2022-2024-300x200.jpg 300w, https:\/\/daniel-behmenburg.de\/wp-content\/uploads\/2022\/06\/Vorstand-SPD-Kettwig-2022-2024-768x513.jpg 768w, https:\/\/daniel-behmenburg.de\/wp-content\/uploads\/2022\/06\/Vorstand-SPD-Kettwig-2022-2024-1536x1025.jpg 1536w, https:\/\/daniel-behmenburg.de\/wp-content\/uploads\/2022\/06\/Vorstand-SPD-Kettwig-2022-2024-2048x1367.jpg 2048w, https:\/\/daniel-behmenburg.de\/wp-content\/uploads\/2022\/06\/Vorstand-SPD-Kettwig-2022-2024-360x240.jpg 360w\" sizes=\"auto, (max-width: 1024px) 100vw, 1024px\" \/><\/figure>\n","protected":false},"excerpt":{"rendered":"<p>Nach zwei Jahren Pandemie sind die Genossinnen und Genossen voller Tatendrang Die SPD in Kettwig hat ihre personellen Weichen f\u00fcr die n\u00e4chsten zwei Jahre gestellt. \u201eIch freue mich sehr, mit einem tollen Team in die Zukunft zu schauen und unser Dorf voranzubringen\u201c, kommentiert der Kettwiger Ratsherr Daniel Behmenburg die Ergebnisse [&hellip;]<\/p>\n","protected":false},"author":1,"featured_media":1660,"comment_status":"open","ping_status":"open","sticky":false,"template":"","format":"standard","meta":{"footnotes":""},"categories":[6,46],"tags":[],"class_list":["post-1639","post","type-post","status-publish","format-standard","has-post-thumbnail","hentry","category-kettwig","category-spd"],"_links":{"self":[{"href":"https:\/\/daniel-behmenburg.de\/index.php?rest_route=\/wp\/v2\/posts\/1639","targetHints":{"allow":["GET"]}}],"collection":[{"href":"https:\/\/daniel-behmenburg.de\/index.php?rest_route=\/wp\/v2\/posts"}],"about":[{"href":"https:\/\/daniel-behmenburg.de\/index.php?rest_route=\/wp\/v2\/types\/post"}],"author":[{"embeddable":true,"href":"https:\/\/daniel-behmenburg.de\/index.php?rest_route=\/wp\/v2\/users\/1"}],"replies":[{"embeddable":true,"href":"https:\/\/daniel-behmenburg.de\/index.php?rest_route=%2Fwp%2Fv2%2Fcomments&post=1639"}],"version-history":[{"count":2,"href":"https:\/\/daniel-behmenburg.de\/index.php?rest_route=\/wp\/v2\/posts\/1639\/revisions"}],"predecessor-version":[{"id":1662,"href":"https:\/\/daniel-behmenburg.de\/index.php?rest_route=\/wp\/v2\/posts\/1639\/revisions\/1662"}],"wp:featuredmedia":[{"embeddable":true,"href":"https:\/\/daniel-behmenburg.de\/index.php?rest_route=\/wp\/v2\/media\/1660"}],"wp:attachment":[{"href":"https:\/\/daniel-behmenburg.de\/index.php?rest_route=%2Fwp%2Fv2%2Fmedia&parent=1639"}],"wp:term":[{"taxonomy":"category","embeddable":true,"href":"https:\/\/daniel-behmenburg.de\/index.php?rest_route=%2Fwp%2Fv2%2Fcategories&post=1639"},{"taxonomy":"post_tag","embeddable":true,"href":"https:\/\/daniel-behmenburg.de\/index.php?rest_route=%2Fwp%2Fv2%2Ftags&post=1639"}],"curies":[{"name":"wp","href":"https:\/\/api.w.org\/{rel}","templated":true}]}}