{"id":1635,"date":"2022-05-25T14:23:57","date_gmt":"2022-05-25T14:23:57","guid":{"rendered":"http:\/\/daniel-behmenburg.de\/?p=1635"},"modified":"2022-05-25T14:24:00","modified_gmt":"2022-05-25T14:24:00","slug":"ratsrede-zum-thema-schillerwiese-und-veronikastrasse","status":"publish","type":"post","link":"https:\/\/daniel-behmenburg.de\/?p=1635","title":{"rendered":"Ratsrede zum Thema &#8222;Schillerwiese und Veronikastra\u00dfe&#8220;"},"content":{"rendered":"\n<p><em>&#8211; es gilt das gesprochene Wort &#8211;<\/em><\/p>\n\n\n\n<figure class=\"wp-block-image size-large\"><img loading=\"lazy\" decoding=\"async\" width=\"1024\" height=\"575\" src=\"http:\/\/daniel-behmenburg.de\/wp-content\/uploads\/2021\/06\/DSC_5403-1024x575.jpg\" alt=\"\" class=\"wp-image-1507\" srcset=\"https:\/\/daniel-behmenburg.de\/wp-content\/uploads\/2021\/06\/DSC_5403-1024x575.jpg 1024w, https:\/\/daniel-behmenburg.de\/wp-content\/uploads\/2021\/06\/DSC_5403-300x168.jpg 300w, https:\/\/daniel-behmenburg.de\/wp-content\/uploads\/2021\/06\/DSC_5403-768x431.jpg 768w, https:\/\/daniel-behmenburg.de\/wp-content\/uploads\/2021\/06\/DSC_5403-1536x862.jpg 1536w, https:\/\/daniel-behmenburg.de\/wp-content\/uploads\/2021\/06\/DSC_5403-2048x1149.jpg 2048w\" sizes=\"auto, (max-width: 1024px) 100vw, 1024px\" \/><\/figure>\n\n\n\n<p>Sehr geehrter Herr Oberb\u00fcrgermeister,<\/p>\n\n\n\n<p>liebe Kolleginnen und Kollegen,<\/p>\n\n\n\n<p>mit Blick auf die Uhr m\u00f6chte ich in meinem Redebeitrag auf beide vorliegenden Antr\u00e4ge eingehen.<\/p>\n\n\n\n<p>Beginnen wir mit dem Antrag von CDU und GR\u00dcNEN. Ich glaube es ist Konsens, dass wir an der doch in die Jahre gekommenen Schillerwiese etwas tun m\u00fcssen. Deshalb haben wir hierf\u00fcr ja auch gemeinsam Planungsmittel im aktuellen Wirtschaftsplan der Sport- und B\u00e4derbetriebe eingestellt. Ich bin zwar der festen \u00dcberzeugung, die Sportverwaltung h\u00e4tte auch ohne diesen Antrag gewusst, was zu tun ist. Aber sei\u2019s drum. Danke an Sie, dass die Diskussionen der letzten Zeit sowohl innerhalb der Politik wie auch von den Nutzerinnen und Nutzern der Schillerwiese noch einmal zusammengefasst haben. Schade, dass Sie dabei nicht den Schulterschluss mit den anderen Fraktionen gesucht haben. Dann h\u00e4tte man diesen Antrag aus unserer Sicht rund machen k\u00f6nnen und unser Erg\u00e4nzungsantrag w\u00e4re obsolet gewesen. Aber dazu sp\u00e4ter mehr.<\/p>\n\n\n\n<p>Das Bed\u00fcrfnis vieler Menschen, fernab von Kurs- und Trainingszeiten Sport zu treiben, war mit Sicherheit schon vor dem Jahr 2020 deutlich erkennbar. Die Pandemie, insbesondere zu den Zeiten gesperrter Sportanlagen und Fitnesscenter hat diesen Trend aber noch einmal deutlich verst\u00e4rkt.<\/p>\n\n\n\n<p>Mit Sicherheit eine Entwicklung, die auch im Zusammenhang mit einer gewissen Flexibilit\u00e4t steht, die in der Arbeitswelt heutzutage gefordert wird. Vielfach gibt es halt nicht mehr denselben freien Abend in jeder Woche. H\u00e4ufig ist auch der Feierabend von Woche zu Woche flexibel. Das macht verpflichtende Sportzeiten in der Gruppe schwierig. So ist das ungebundene Sporttreiben vor der eigenen Haust\u00fcr, wenn man dann halt gerade Zeit hat, ein sehr wichtiger Punkt geworden. Dazu bieten die vielen Gr\u00fcnfl\u00e4chen und W\u00e4lder, aber auch die Fahrradtrassen ein gutes Angebot. Nur das Radfahren oder das Joggen ist jedoch vielen zu wenig. Zum Beispiel Trimm-Dich-Pfade und Calisthenics-Anlagen im Stadtgebiet bieten hier eine gute und sinnvolle Erg\u00e4nzung.<\/p>\n\n\n\n<p>Wir k\u00f6nnen uns aber auch gl\u00fccklich sch\u00e4tzen, eine Anlage wie die Schillerwiese zu haben. Mit Sicherheit entwickelt diese Anlage Strahlkraft weit \u00fcber den Stadtbezirk II hinaus. Diese Strahlkraft hat aber mit den Jahren etwas nachgelassen. Zum einen sind die Umkleiden und die Sanit\u00e4ranlagen in die Jahre gekommen. Aber auch das Angebot auf der Anlage entspricht nicht mehr den Anforderungen der heutigen Zeit. Jedermann-Sport vor der eigenen Haust\u00fcr ist halt mittlerweile mehr als Fu\u00dfball und Leichtathletik. Hier hei\u00dft es bei den zuk\u00fcnftigen Planungen innovative zukunftsgerichtete Ideen einflie\u00dfen zu lassen, um diese Anlage attraktiv f\u00fcr alle Generationen zu machen. F\u00fcr die Planungen haben wir gemeinsam im Wirtschaftsplan der Sport- und B\u00e4derbetriebe 80.000 \u20ac eingestellt und wir als SPD-Fraktion sind gespannt auf die Ideen und Pl\u00e4ne, die die Verwaltung uns mit Sicherheit zeitnah vorstellen wird.<\/p>\n\n\n\n<p>Kommen wir nun zu dem kleinen \u201eAber\u201c, das ich oben schon erw\u00e4hnt habe. Bei allem Zeitgeist f\u00fcr den ungebundenen Sport m\u00fcssen wir auch immer die Vereine mitdenken. Denn diese sind es, die unseren Quartieren, Stadtteilen und der ganzen Stadt so viel mehr geben als nur das Angebot der sportlichen Bet\u00e4tigung. Hier werden die Menschen schon in j\u00fcngsten Jahren abgeholt, hier werden Werte und Normen vermittelt und hier wird auch vielfach eine zweite Familie geboten. Kurzum: Jeden Euro, den wir in unsere Vereine und ihre Anlagen investieren, bekommen wir mannigfach zur\u00fcck.<\/p>\n\n\n\n<p>Deshalb ist es unsere feste \u00dcberzeugung als SPD-Fraktion, dass wir an dieser Stelle, dass wir bei diesem Antrag, auch ein Signal an den vereinsgebundenen Sport senden m\u00fcssen. Und deshalb w\u00e4re es sinnvoll gewesen, wenn die Mehrheitskooperation vor ihrem Antrag einmal das Gespr\u00e4ch mit den anderen Fraktionen gesucht h\u00e4tte. Dann h\u00e4tte man das im Vorfeld diskutieren und in den Antrag einflie\u00dfen lassen k\u00f6nnen.<\/p>\n\n\n\n<p>Die Thematiken rund um die Zukunft des Vereins Sportfreunde 07 und der Schillerwiese waren in der Vergangenheit stark verkn\u00fcpft. Im Hintergrund stand immer die gro\u00dfe Frage, wie man den Sport in R\u00fcttenscheid und Umgebung fit f\u00fcr die kommenden Jahrzehnte macht. Dabei hatte man sowohl den vereinsgebundenen wie auch den vereinsunabh\u00e4ngigen Sport im Blick.<\/p>\n\n\n\n<p>Fraktions\u00fcbergreifend wurde deutlich gemacht, dass man diese beiden Arten des Sporttreibens nicht gegeneinander ausspielen wolle, sondern allen Seiten gerecht werden m\u00f6chte. Auch deshalb haben wir gemeinsam der Verwaltungsidee, die sportlichen Aktivit\u00e4ten auch der Sportfreunde 07 auf der Schillerwiese zu b\u00fcndeln, eine Absage erteilt.<\/p>\n\n\n\n<p>Und deshalb geh\u00f6rt in einen solchen Antrag unseres Erachtens auch ein Signal an die Vereine vor Ort, in diesem Fall an die Sportfreunde 07. Mit unserem Erg\u00e4nzungsantrag wird ganz bewusst noch kein Ausbau oder \u00e4hnliches an der Veronikastra\u00dfe beschlossen. Das m\u00fcssen wir der guten Tradition folgend als Sportpolitik in G\u00e4nze diskutieren und beschlie\u00dfen. Er soll uns aber in die Lage versetzen, bei den Beratungen \u00fcber den Wirtschaftsplan 2023 die n\u00f6tigen Informationen zu haben, um neben der Schillerwiese auch \u00fcber eine Ert\u00fcchtigung der Anlage im Herzen von R\u00fcttenscheid zu beraten. Unsere Meinung dazu: Ein Kunstrasen hier ist \u00fcberf\u00e4llig, um die Sportfreunde zukunfts- und konkurrenzf\u00e4hig zu machen. Dar\u00fcber hinaus ist es ein deutliches Signal an den Verein, dass wir ihn nicht vergessen haben.<\/p>\n\n\n\n<p>Dem Antrag von CDU und GR\u00dcNEN stimmen wir mit \u00dcberzeugung zu, werben aber auch daf\u00fcr, unserem Antrag zuzustimmen und damit ein deutliches Signal an die Vereine in unserer Stadt zu senden.<\/p>\n\n\n\n<p>Bei zuk\u00fcnftigen Antr\u00e4gen m\u00f6chte ich mein Angebot aus der Sitzung des Sportausschusses betreffend diesen Antrag aber auch zum Antrag zum Thema \u201eGewalt im Sport\u201c erneuern: Sprechen Sie uns im Vorfeld an. Wir sind gerne zu gemeinsamen Antragstellungen bereit. Mit Sicherheit kommt dabei auch mehr als nur der kleinste gemeinsame Nenner heraus.<\/p>\n\n\n\n<p>Ich danke f\u00fcr die Aufmerksamkeit.<\/p>\n","protected":false},"excerpt":{"rendered":"<p>&#8211; es gilt das gesprochene Wort &#8211; Sehr geehrter Herr Oberb\u00fcrgermeister, liebe Kolleginnen und Kollegen, mit Blick auf die Uhr m\u00f6chte ich in meinem Redebeitrag auf beide vorliegenden Antr\u00e4ge eingehen. Beginnen wir mit dem Antrag von CDU und GR\u00dcNEN. Ich glaube es ist Konsens, dass wir an der doch in [&hellip;]<\/p>\n","protected":false},"author":1,"featured_media":1524,"comment_status":"open","ping_status":"open","sticky":false,"template":"","format":"standard","meta":{"footnotes":""},"categories":[246],"tags":[271,243,188,244,189,270],"class_list":["post-1635","post","type-post","status-publish","format-standard","has-post-thumbnail","hentry","category-rede","tag-jedermann-sport","tag-schillerwiese","tag-sport","tag-sportfreunde-07","tag-sportpolitik","tag-veronikastrasse"],"_links":{"self":[{"href":"https:\/\/daniel-behmenburg.de\/index.php?rest_route=\/wp\/v2\/posts\/1635","targetHints":{"allow":["GET"]}}],"collection":[{"href":"https:\/\/daniel-behmenburg.de\/index.php?rest_route=\/wp\/v2\/posts"}],"about":[{"href":"https:\/\/daniel-behmenburg.de\/index.php?rest_route=\/wp\/v2\/types\/post"}],"author":[{"embeddable":true,"href":"https:\/\/daniel-behmenburg.de\/index.php?rest_route=\/wp\/v2\/users\/1"}],"replies":[{"embeddable":true,"href":"https:\/\/daniel-behmenburg.de\/index.php?rest_route=%2Fwp%2Fv2%2Fcomments&post=1635"}],"version-history":[{"count":1,"href":"https:\/\/daniel-behmenburg.de\/index.php?rest_route=\/wp\/v2\/posts\/1635\/revisions"}],"predecessor-version":[{"id":1636,"href":"https:\/\/daniel-behmenburg.de\/index.php?rest_route=\/wp\/v2\/posts\/1635\/revisions\/1636"}],"wp:featuredmedia":[{"embeddable":true,"href":"https:\/\/daniel-behmenburg.de\/index.php?rest_route=\/wp\/v2\/media\/1524"}],"wp:attachment":[{"href":"https:\/\/daniel-behmenburg.de\/index.php?rest_route=%2Fwp%2Fv2%2Fmedia&parent=1635"}],"wp:term":[{"taxonomy":"category","embeddable":true,"href":"https:\/\/daniel-behmenburg.de\/index.php?rest_route=%2Fwp%2Fv2%2Fcategories&post=1635"},{"taxonomy":"post_tag","embeddable":true,"href":"https:\/\/daniel-behmenburg.de\/index.php?rest_route=%2Fwp%2Fv2%2Ftags&post=1635"}],"curies":[{"name":"wp","href":"https:\/\/api.w.org\/{rel}","templated":true}]}}