{"id":1621,"date":"2022-05-16T16:14:34","date_gmt":"2022-05-16T16:14:34","guid":{"rendered":"http:\/\/daniel-behmenburg.de\/?p=1621"},"modified":"2022-05-16T16:14:36","modified_gmt":"2022-05-16T16:14:36","slug":"geschlossenes-kettwiger-freibad-muss-anlass-sein-das-system-zu-ueberdenken","status":"publish","type":"post","link":"https:\/\/daniel-behmenburg.de\/?p=1621","title":{"rendered":"Geschlossenes Kettwiger Freibad muss Anlass sein, das System zu \u00fcberdenken"},"content":{"rendered":"\n<figure class=\"wp-block-image size-large\"><img loading=\"lazy\" decoding=\"async\" width=\"1024\" height=\"683\" src=\"http:\/\/daniel-behmenburg.de\/wp-content\/uploads\/2022\/05\/Freibad-Kettwig-2-1024x683.jpg\" alt=\"\" class=\"wp-image-1623\" srcset=\"https:\/\/daniel-behmenburg.de\/wp-content\/uploads\/2022\/05\/Freibad-Kettwig-2-1024x683.jpg 1024w, https:\/\/daniel-behmenburg.de\/wp-content\/uploads\/2022\/05\/Freibad-Kettwig-2-300x200.jpg 300w, https:\/\/daniel-behmenburg.de\/wp-content\/uploads\/2022\/05\/Freibad-Kettwig-2-768x513.jpg 768w, https:\/\/daniel-behmenburg.de\/wp-content\/uploads\/2022\/05\/Freibad-Kettwig-2-1536x1025.jpg 1536w, https:\/\/daniel-behmenburg.de\/wp-content\/uploads\/2022\/05\/Freibad-Kettwig-2-2048x1367.jpg 2048w, https:\/\/daniel-behmenburg.de\/wp-content\/uploads\/2022\/05\/Freibad-Kettwig-2-360x240.jpg 360w\" sizes=\"auto, (max-width: 1024px) 100vw, 1024px\" \/><\/figure>\n\n\n\n<p>Auch in diesem Jahr konnte unter anderem das Kettwiger Freibad nicht zum Saisonstart \u00f6ffnen. Wann die ersten Badeg\u00e4ste ins k\u00fchle Nass im Teelbruch k\u00f6nnen, ist unklar. Wie jedes Jahr ist mangelndes Personal der Grund. Anlass f\u00fcr den Kettwiger Ratsherrn Daniel Behmenburg, das System einmal grunds\u00e4tzlich zu \u00fcberdenken:<\/p>\n\n\n\n<p>\u201eEs ist nicht akzeptabel, dass das Kettwiger Freibad auch in dieser Saison erst einmal geschlossen bleibt, weil das Personal fehlt. Die Kolleginnen und Kollegen bei den Sport- und B\u00e4derbetrieben leisten eine gute Arbeit. Aber auch sie k\u00f6nnen sich halt keine Rettungsschwimmer schnitzen. Deshalb wird es Zeit, die Betriebsform unserer B\u00e4der in Essen einmal zu \u00fcberdenken.\u201c<\/p>\n\n\n\n<p>Aktuell sucht die Stadt Essen noch 24 Rettungsschwimmerinnen und Rettungsschwimmer, um alle Freib\u00e4der in Essen zu \u00f6ffnen. Auf die Anfang M\u00e4rz ver\u00f6ffentlichte Stellenanzeige gab es kaum Bewerbungen. Die Gr\u00fcnde sind vielfach. Einerseits werden insbesondere j\u00fcngere Menschen vom Schichtdienst auch an den Wochenenden abgeschreckt. Andererseits ist das Einstellungsverfahren f\u00fcr eine doch sehr begrenzte zeitliche Dauer des Arbeitsverh\u00e4ltnisses sehr aufw\u00e4ndig.&nbsp;<\/p>\n\n\n\n<p>\u201eWenn wir doch Jahr um Jahr keine Saisonkr\u00e4fte f\u00fcr unsere Freib\u00e4der bekommen, dann muss man das Problem einmal grunds\u00e4tzlich angehen. Anscheinend gibt es in der aktuellen Betriebsform nicht die M\u00f6glichkeit, attraktive Vertr\u00e4ge abzuschlie\u00dfen. Da muss man f\u00fcr die Zukunft schauen, was man besser machen kann. Daf\u00fcr lohnt sich einmal ein Blick in umliegende St\u00e4dte. Dorf werden die B\u00e4der fast durchg\u00e4ngig als GmbH betrieben. Warum nicht zum Beispiel unsere B\u00e4der auch zuk\u00fcnftig in einer Gesellschaft organisieren, die wesentlich schneller, flexibler und vor allem unb\u00fcrokratischer Saisonvertr\u00e4ge abschlie\u00dfen kann? Das Modell funktioniert doch zum Beispiel bei der Wei\u00dfen Flotte Baldeney auch sehr gut. Dar\u00fcber und \u00fcber vielleicht noch andere Ideen, um das Problem zu l\u00f6sen, m\u00fcssen wir in den n\u00e4chsten Wochen in den Dialog treten. Dabei m\u00fcssen wir auf jeden Fall auch die Erfahrungen von den Verantwortlichen aus den umliegenden St\u00e4dten einholen\u201c, so Behmenburg mit dem Blick nach vorne abschlie\u00dfend.<\/p>\n","protected":false},"excerpt":{"rendered":"<p>Auch in diesem Jahr konnte unter anderem das Kettwiger Freibad nicht zum Saisonstart \u00f6ffnen. Wann die ersten Badeg\u00e4ste ins k\u00fchle Nass im Teelbruch k\u00f6nnen, ist unklar. Wie jedes Jahr ist mangelndes Personal der Grund. Anlass f\u00fcr den Kettwiger Ratsherrn Daniel Behmenburg, das System einmal grunds\u00e4tzlich zu \u00fcberdenken: \u201eEs ist nicht [&hellip;]<\/p>\n","protected":false},"author":1,"featured_media":1622,"comment_status":"open","ping_status":"open","sticky":false,"template":"","format":"standard","meta":{"footnotes":""},"categories":[6,35],"tags":[],"class_list":["post-1621","post","type-post","status-publish","format-standard","has-post-thumbnail","hentry","category-kettwig","category-sport"],"_links":{"self":[{"href":"https:\/\/daniel-behmenburg.de\/index.php?rest_route=\/wp\/v2\/posts\/1621","targetHints":{"allow":["GET"]}}],"collection":[{"href":"https:\/\/daniel-behmenburg.de\/index.php?rest_route=\/wp\/v2\/posts"}],"about":[{"href":"https:\/\/daniel-behmenburg.de\/index.php?rest_route=\/wp\/v2\/types\/post"}],"author":[{"embeddable":true,"href":"https:\/\/daniel-behmenburg.de\/index.php?rest_route=\/wp\/v2\/users\/1"}],"replies":[{"embeddable":true,"href":"https:\/\/daniel-behmenburg.de\/index.php?rest_route=%2Fwp%2Fv2%2Fcomments&post=1621"}],"version-history":[{"count":1,"href":"https:\/\/daniel-behmenburg.de\/index.php?rest_route=\/wp\/v2\/posts\/1621\/revisions"}],"predecessor-version":[{"id":1624,"href":"https:\/\/daniel-behmenburg.de\/index.php?rest_route=\/wp\/v2\/posts\/1621\/revisions\/1624"}],"wp:featuredmedia":[{"embeddable":true,"href":"https:\/\/daniel-behmenburg.de\/index.php?rest_route=\/wp\/v2\/media\/1622"}],"wp:attachment":[{"href":"https:\/\/daniel-behmenburg.de\/index.php?rest_route=%2Fwp%2Fv2%2Fmedia&parent=1621"}],"wp:term":[{"taxonomy":"category","embeddable":true,"href":"https:\/\/daniel-behmenburg.de\/index.php?rest_route=%2Fwp%2Fv2%2Fcategories&post=1621"},{"taxonomy":"post_tag","embeddable":true,"href":"https:\/\/daniel-behmenburg.de\/index.php?rest_route=%2Fwp%2Fv2%2Ftags&post=1621"}],"curies":[{"name":"wp","href":"https:\/\/api.w.org\/{rel}","templated":true}]}}