{"id":1617,"date":"2022-04-09T23:02:14","date_gmt":"2022-04-09T23:02:14","guid":{"rendered":"http:\/\/daniel-behmenburg.de\/?p=1617"},"modified":"2022-04-09T23:02:15","modified_gmt":"2022-04-09T23:02:15","slug":"schulen-im-norden-und-sueden-nicht-gegeneinander-ausspielen-trotz-aller-wahlkampfrhetorik-bei-den-tatsachen-bleiben","status":"publish","type":"post","link":"https:\/\/daniel-behmenburg.de\/?p=1617","title":{"rendered":"Schulen im Norden und S\u00fcden nicht gegeneinander ausspielen \u2013 trotz aller Wahlkampfrhetorik bei den Tatsachen bleiben"},"content":{"rendered":"\n<p>Zu den aktuellen Unterstellungen der CDU Kettwig erkl\u00e4rt Anke L\u00f6hl, stellvertretende schulpolitische Sprecherin der SPD-Ratsfraktion: \u201eUnterschiedliche soziale Voraussetzungen bedingen einen verschiedenartigen F\u00f6rderbedarf. In der P\u00e4dagogik ist man sich seit Langem dar\u00fcber einig, dass Kinder mit unterschiedlichen Voraussetzungen unterschiedlich gef\u00f6rdert werden m\u00fcssen. Deshalb ist es auch erforderlich Schulen gem\u00e4\u00df der F\u00f6rderbedarfe unterschiedlich auszustatten. \u00dcber Schulneubauten haben wir in dem Zusammenhang kein Wort verloren. Ganz im Gegenteil. Ich habe sogar in meiner Ratsrede darauf hingewiesen, dass wir auch im S\u00fcden neue Schulen brauchen. Es h\u00e4tte dem Vorsitzenden der Kettwiger CDU ja freigestanden, sich bei Verst\u00e4ndnisproblemen hierzu im Rat zu \u00e4u\u00dfern, wenn es ihm um die Sache und nicht um blo\u00dfe Wahlkampfpolemik gegangen w\u00e4re.\u201c<\/p>\n\n\n\n<p>\u201eDass wir dringend dort wo ben\u00f6tigt fernab der Himmelsrichtung neue Lernfl\u00e4chen bauen m\u00fcssen, fordern wir schon seit Beginn der Ratsperiode\u201c, begr\u00fc\u00dft Kettwigs Ratsherr Daniel Behmenburg sowohl jeden neu geschaffenen Schulplatz in Kettwig und Werden wie zum Beispiel auch in Altenessen und Karnap. \u201eWarum sollten wir dringend ben\u00f6tigte Neubauten in Frage stellen? Und warum sollten wir bereits geplante und begonnene Projekte wie bei der Br\u00fccker Schule stoppen? Bedauerlich, dass so vom politischen Mitbewerber bewusst Verunsicherung bei den Betroffenen gesch\u00fcrt wird, die eh schon zu lange auf den Neubau der Br\u00fccker Schule warten. Schade. Diese Art von Politik hatten die Demokraten untereinander in Kettwig bisher nicht n\u00f6tig. Man gewinnt den Eindruck, Teile der Kettwiger Christdemokraten wollen auf diesem Weg eher von ihrem besch\u00e4menden Verhalten im Rahmen des Kindertheaters im Kettwiger Bahnhof ablenken. Anders kann ich mir die (bewusste?) Falschinterpretation nicht erkl\u00e4ren.\u201c<\/p>\n\n\n\n<p><em>Hintergrund: Der vom Schuldezernat erstellte Schulentwicklungsplan bildet die deutlichen Unterschiede innerhalb der Rahmenbedingungen der 84 Essener Grund- und F\u00f6rderschulen ab. Er zeigt klar auf, dass nicht in allen dieser Schulen die gleichen Voraussetzungen herrschen. Schulen mit einer sozial schw\u00e4cheren Sch\u00fcler*innenschaft stehen anderen Herausforderungen gegen\u00fcber, als jene in sozial st\u00e4rkeren Stadtteilen. Die SPD-Ratsfraktion beantragte daher schon im Herbst vergangenen Jahres, als solche identifizierte individuell und gezielt zu f\u00f6rdern, um allen Essener Kindern gleicherma\u00dfen gute Lernbedingungen bereitzustellen.<\/em><\/p>\n\n\n\n<p>Hinweis: Das Foto zeigt die 2017 wegen Schadstoffen geschlossene und 2021 abgerissene Br\u00fccker Schule.<\/p>\n","protected":false},"excerpt":{"rendered":"<p>Zu den aktuellen Unterstellungen der CDU Kettwig erkl\u00e4rt Anke L\u00f6hl, stellvertretende schulpolitische Sprecherin der SPD-Ratsfraktion: \u201eUnterschiedliche soziale Voraussetzungen bedingen einen verschiedenartigen F\u00f6rderbedarf. In der P\u00e4dagogik ist man sich seit Langem dar\u00fcber einig, dass Kinder mit unterschiedlichen Voraussetzungen unterschiedlich gef\u00f6rdert werden m\u00fcssen. Deshalb ist es auch erforderlich Schulen gem\u00e4\u00df der F\u00f6rderbedarfe [&hellip;]<\/p>\n","protected":false},"author":1,"featured_media":1618,"comment_status":"open","ping_status":"open","sticky":false,"template":"","format":"standard","meta":{"footnotes":""},"categories":[6],"tags":[],"class_list":["post-1617","post","type-post","status-publish","format-standard","has-post-thumbnail","hentry","category-kettwig"],"_links":{"self":[{"href":"https:\/\/daniel-behmenburg.de\/index.php?rest_route=\/wp\/v2\/posts\/1617","targetHints":{"allow":["GET"]}}],"collection":[{"href":"https:\/\/daniel-behmenburg.de\/index.php?rest_route=\/wp\/v2\/posts"}],"about":[{"href":"https:\/\/daniel-behmenburg.de\/index.php?rest_route=\/wp\/v2\/types\/post"}],"author":[{"embeddable":true,"href":"https:\/\/daniel-behmenburg.de\/index.php?rest_route=\/wp\/v2\/users\/1"}],"replies":[{"embeddable":true,"href":"https:\/\/daniel-behmenburg.de\/index.php?rest_route=%2Fwp%2Fv2%2Fcomments&post=1617"}],"version-history":[{"count":1,"href":"https:\/\/daniel-behmenburg.de\/index.php?rest_route=\/wp\/v2\/posts\/1617\/revisions"}],"predecessor-version":[{"id":1619,"href":"https:\/\/daniel-behmenburg.de\/index.php?rest_route=\/wp\/v2\/posts\/1617\/revisions\/1619"}],"wp:featuredmedia":[{"embeddable":true,"href":"https:\/\/daniel-behmenburg.de\/index.php?rest_route=\/wp\/v2\/media\/1618"}],"wp:attachment":[{"href":"https:\/\/daniel-behmenburg.de\/index.php?rest_route=%2Fwp%2Fv2%2Fmedia&parent=1617"}],"wp:term":[{"taxonomy":"category","embeddable":true,"href":"https:\/\/daniel-behmenburg.de\/index.php?rest_route=%2Fwp%2Fv2%2Fcategories&post=1617"},{"taxonomy":"post_tag","embeddable":true,"href":"https:\/\/daniel-behmenburg.de\/index.php?rest_route=%2Fwp%2Fv2%2Ftags&post=1617"}],"curies":[{"name":"wp","href":"https:\/\/api.w.org\/{rel}","templated":true}]}}