{"id":1608,"date":"2022-03-02T18:40:37","date_gmt":"2022-03-02T18:40:37","guid":{"rendered":"http:\/\/daniel-behmenburg.de\/?p=1608"},"modified":"2022-03-02T19:14:52","modified_gmt":"2022-03-02T19:14:52","slug":"rede-zur-solidaritaetskundgebung-fuer-die-ukraine","status":"publish","type":"post","link":"https:\/\/daniel-behmenburg.de\/?p=1608","title":{"rendered":"Rede zur Solidarit\u00e4tskundgebung f\u00fcr die Ukraine"},"content":{"rendered":"\n<div class=\"wp-block-image\"><figure class=\"aligncenter size-large is-resized\"><img decoding=\"async\" src=\"http:\/\/daniel-behmenburg.de\/wp-content\/uploads\/2022\/03\/DSC_4799-1024x684.jpg\" alt=\"\" class=\"wp-image-1611\" width=\"-197\" height=\"-131\" srcset=\"https:\/\/daniel-behmenburg.de\/wp-content\/uploads\/2022\/03\/DSC_4799-1024x684.jpg 1024w, https:\/\/daniel-behmenburg.de\/wp-content\/uploads\/2022\/03\/DSC_4799-300x200.jpg 300w, https:\/\/daniel-behmenburg.de\/wp-content\/uploads\/2022\/03\/DSC_4799-768x513.jpg 768w, https:\/\/daniel-behmenburg.de\/wp-content\/uploads\/2022\/03\/DSC_4799-1536x1025.jpg 1536w, https:\/\/daniel-behmenburg.de\/wp-content\/uploads\/2022\/03\/DSC_4799-2048x1367.jpg 2048w, https:\/\/daniel-behmenburg.de\/wp-content\/uploads\/2022\/03\/DSC_4799-360x240.jpg 360w\" sizes=\"(max-width: 1024px) 100vw, 1024px\" \/><\/figure><\/div>\n\n\n\n<p>Liebe Kettwigerinnen und Kettwiger,<br>liebe G\u00e4ste von nah und fern,<br><\/p>\n\n\n\n<p>auch ich bin schier \u00fcberw\u00e4ltigt, wieviele Menschen sich hier heute eingefunden haben. Toll. Danke. Ich freue mich sehr und bin jeder und jedem Anwesenden dankbar, dass wir uns heute in dieser Runde zusammengefunden haben, um ein Zeichen zu setzen. Wir stehen hier solidarisch vereint, um deutlich und unmissverst\u00e4ndlich Flagge zu zeigen gegen den v\u00f6lkerrechtswidrigen Angriffskrieg auf die Ukraine. Und wir stehen hier, um den Menschen in der Ukraine zu zeigen, dass sie nicht alleine sind. Und unser Mitgef\u00fchl gilt heute auch den vielen ukrainischen Gemeinden in unserem Land, die sich Sorgen um ihre Familien, Freundinnen und Freunde in ihrer Heimat zu machen. Ich finde es ein wichtiges Zeichen, dass die politischen Parteien hier in unserem Dorf bei diesem traurigen und besorgniserregenden Anlass Seite an Seite stehen. Und nat\u00fcrlich, lieber Herr Goldhammer, lieber David, ist es ein ebenso wichtiges wie notwendiges Signal, dass wir unsere Kirchen hierbei an unserer Seite und in unserer Mitte haben.<\/p>\n\n\n\n<p>Wer h\u00e4tte gedacht, dass wir uns in unserer modernen Welt aus einem solchen Anlass einmal zusammenfinden werden? Die Ereignisse der letzten Tage sind eine Z\u00e4sur f\u00fcr Europa. Sie sind ein R\u00fcckschritt in kalte Zeiten unserer Geschichte. Die Sicherheitsordnung, die in Europa galt, wurde im wahrsten Sinne des Wortes \u00fcber Nacht \u00fcber den Haufen geworfen. Damit d\u00fcrfen wir uns nicht abfinden. Dem m\u00fcssen wir alle entschlossen, jeder im Rahmen seiner M\u00f6glichkeiten, entgegentreten.<\/p>\n\n\n\n<p>\u00dcber eines m\u00fcssen wir uns dabei im Klaren sein. Mit der Zusammenkunft heute wird es nicht getan sein. Auch wir werden in den n\u00e4chsten Tagen, Wochen und vielleicht Monaten die Folgen dieses Konflikts sp\u00fcren. Wir werden es an unserer Wirtschaft sp\u00fcren. Wir werden es an unserem eigenen Geldbeutel sp\u00fcren. Viele &#8211; auch wichtige &#8211; politische Themen werden in den Hintergrund r\u00fccken. Und ja, es werden auch wieder Menschen zu kommen, die ein gesch\u00fctztes Obdach in unserem Land erbitten. Lassen Sie uns bitte die Solidarit\u00e4t und Mitmenschlichkeit, die heute hier sp\u00fcrbar ist, mit in die Herausforderungen der Zukunft nehmen. Zeigen wir uns auch dann von unserer besten Seite.<\/p>\n\n\n\n<p>Zwei Gedanken sind f\u00fcr mich aber auch Teil der Geschichte und es ist mir ein Herzensanliegen, diese heute zur Sprache zu bringen:<\/p>\n\n\n\n<p>Erstens: Hier k\u00e4mpfen nicht die Russen gegen die Ukraine. Es ist kein Krieg des russischen Volkes. Es ist Putins Krieg. Scheren wir deshalb nicht alle \u00fcber einen Kamm. Halten wir unsere T\u00fcr und unsere Herzen f\u00fcr diejenigen russischen Freundinnen und Freunde weiter ge\u00f6ffnet, die sich gegen diesen v\u00f6lkerrechtswidrigen Angriffskrieg ihres Pr\u00e4sidenten stellen. Schlie\u00dfen wir deshalb auch heute die friedlichen Demonstrantinnen und Demonstranten in Moskau und anderen Orten Russlands ein, die verhaftet wurden, weil sie lautstark ihre Meinung gesagt haben.<\/p>\n\n\n\n<p>Und zweitens: Auch wenn gerade Ausgaben im milit\u00e4rischen Bereich notwendig sind, haben wir doch immer vor Augen, dass Aufr\u00fcstung im Kern nichts Gutes ist. &nbsp;Ich habe immer gedacht, dass es ein Verm\u00e4chtnis gibt, das wir als Gesellschaft unseren Kindern und Enkeln hinterlassen werden: Ein friedliches und geeintes Europa. Aber wenn wir ehrlich sind, dann brodelt es doch schon seit Jahren. Nationalismus macht sich doch Allerortens breit.<\/p>\n\n\n\n<p>Mit Sicherheit ist Europa nicht perfekt. Aber es ist doch eines: die Chance auf eine friedliche und zufriedene Zukunft. Setzen wir das nicht leichtfertig aufs Spiel.<\/p>\n\n\n\n<p>Danke f\u00fcr die Aufmerksamkeit.<\/p>\n","protected":false},"excerpt":{"rendered":"<p>Liebe Kettwigerinnen und Kettwiger,liebe G\u00e4ste von nah und fern, auch ich bin schier \u00fcberw\u00e4ltigt, wieviele Menschen sich hier heute eingefunden haben. Toll. Danke. Ich freue mich sehr und bin jeder und jedem Anwesenden dankbar, dass wir uns heute in dieser Runde zusammengefunden haben, um ein Zeichen zu setzen. Wir stehen [&hellip;]<\/p>\n","protected":false},"author":1,"featured_media":1610,"comment_status":"open","ping_status":"open","sticky":false,"template":"","format":"standard","meta":{"footnotes":""},"categories":[6,246],"tags":[],"class_list":["post-1608","post","type-post","status-publish","format-standard","has-post-thumbnail","hentry","category-kettwig","category-rede"],"_links":{"self":[{"href":"https:\/\/daniel-behmenburg.de\/index.php?rest_route=\/wp\/v2\/posts\/1608","targetHints":{"allow":["GET"]}}],"collection":[{"href":"https:\/\/daniel-behmenburg.de\/index.php?rest_route=\/wp\/v2\/posts"}],"about":[{"href":"https:\/\/daniel-behmenburg.de\/index.php?rest_route=\/wp\/v2\/types\/post"}],"author":[{"embeddable":true,"href":"https:\/\/daniel-behmenburg.de\/index.php?rest_route=\/wp\/v2\/users\/1"}],"replies":[{"embeddable":true,"href":"https:\/\/daniel-behmenburg.de\/index.php?rest_route=%2Fwp%2Fv2%2Fcomments&post=1608"}],"version-history":[{"count":2,"href":"https:\/\/daniel-behmenburg.de\/index.php?rest_route=\/wp\/v2\/posts\/1608\/revisions"}],"predecessor-version":[{"id":1612,"href":"https:\/\/daniel-behmenburg.de\/index.php?rest_route=\/wp\/v2\/posts\/1608\/revisions\/1612"}],"wp:featuredmedia":[{"embeddable":true,"href":"https:\/\/daniel-behmenburg.de\/index.php?rest_route=\/wp\/v2\/media\/1610"}],"wp:attachment":[{"href":"https:\/\/daniel-behmenburg.de\/index.php?rest_route=%2Fwp%2Fv2%2Fmedia&parent=1608"}],"wp:term":[{"taxonomy":"category","embeddable":true,"href":"https:\/\/daniel-behmenburg.de\/index.php?rest_route=%2Fwp%2Fv2%2Fcategories&post=1608"},{"taxonomy":"post_tag","embeddable":true,"href":"https:\/\/daniel-behmenburg.de\/index.php?rest_route=%2Fwp%2Fv2%2Ftags&post=1608"}],"curies":[{"name":"wp","href":"https:\/\/api.w.org\/{rel}","templated":true}]}}