{"id":16,"date":"2008-08-21T10:00:00","date_gmt":"2008-08-21T10:00:00","guid":{"rendered":"http:\/\/danielbehmenburg.wordpress.com\/2008\/08\/21\/preis-zu-hoch-spd-fraktion-zum-regionalen-flachennutzungsplan"},"modified":"2008-08-21T10:00:00","modified_gmt":"2008-08-21T10:00:00","slug":"preis-zu-hoch-spd-fraktion-zum-regionalen-flachennutzungsplan","status":"publish","type":"post","link":"https:\/\/daniel-behmenburg.de\/?p=16","title":{"rendered":"Preis zu hoch &#8211; SPD-Fraktion zum Regionalen Fl\u00e4chennutzungsplan"},"content":{"rendered":"<p>Die SPD-Fraktion hat in der vergangenen Sitzung der Bezirksvertretung IX ihre ablehnende Haltung zu den Baugebieten am Schmachtenberg und an der Gr\u00fcnen Harfe bekr\u00e4ftigt. Einen eindringlichen Appell richtete sie an die CDU-Fraktion und Bezirksvorsteher Kranz, ihre Haltung zu \u00fcberdenken.<\/p>\n<p>Harald Neef, Bezirksvertreter aus Kettwig, ist froh, dass der Protest der B\u00fcrgerinnen und B\u00fcrger und der SPD zum Teil Erfolg hatte: \u201eZum Gl\u00fcck wurde der Teil Schmachtenberg Nord bei Maria im Maien bereits aus der Vorlage heraus genommen, nun werden wir weiter um die Fl\u00e4che Schmachtenberg S\u00fcd k\u00e4mpfen. Diese Fl\u00e4che ist Teil eines gewachsenen und von den Menschen stark genutzten Erholungsgebietes, es ist Teil einer \u201eGr\u00fcnen Lunge\u201c von Kettwig.\u201c<\/p>\n<p>Sein BV-Kollege Daniel Behmenburg erg\u00e4nzt: \u201eWir sind nicht grunds\u00e4tzlich gegen Wohnbau und freuen uns \u00fcber jeden Menschen, der in unseren sch\u00f6nen Bezirk zieht. Der Preis f\u00fcr die zus\u00e4tzlichen Wohneinheiten an diesen Stellen ist uns jedoch einfach zu hoch &#8211; hier wird nat\u00fcrlicher Frei- und Naherholungsraum einfach zerst\u00f6rt. Innenentwicklung muss weiter vor Au\u00dfenentwicklung gehen. Die katastrophalen Folgen der fortschreitenden Versiegelung von Freifl\u00e4chen haben wir beim j\u00fcngsten Unwetter gesehen.\u201c <\/p>\n<p>Im Hinblick auf den Umgang mit den B\u00fcrgerinnen und B\u00fcrgern erg\u00e4nzt Behmenburg: \u201eEntt\u00e4uschend ist die Tatsache, dass die vielen Einw\u00e4nde der B\u00fcrgerinnen und B\u00fcrger gerade zum Bereich Gr\u00fcne Harfe einfach verhallt sind. Hier h\u00e4tte ich mir ein Umdenken in Politik und Verwaltung im Sinne der betroffenen Menschen gew\u00fcnscht.\u201c<\/p>\n<p>Die Argumente stehen direkt im Regionalen Fl\u00e4chennutzungsplan, wo die Auswirkungen der geplanten Baugebiete auf Natur, Umwelt, Umgebung und damit auch auf die Menschen als erheblich eingestuft werden. Nicht nachvollziehbar ist f\u00fcr die Sozialdemokraten, wie man vor dem Hintergrund dieser Umweltpr\u00fcfung noch ernsthaft an eine Bebauung denken kann. Die geplante Umgehungsstra\u00dfe ist f\u00fcr die Sozialdemokraten nur Augenwischerei, mit der die B\u00fcrgerinnen und B\u00fcrgern beruhigt werden sollen, die aber auf lange Zeit nicht finanzierbar ist. Au\u00dferdem fordern die Sozialdemokraten in diesem Zusammenhang ein neues Verkehrsgutachten. Die SPD ruft die B\u00fcrgerinnen und B\u00fcrger auf, bei der beginnenden B\u00fcrgerbeteiligung ihre Einspr\u00fcche zu wiederholen!<\/p>\n","protected":false},"excerpt":{"rendered":"<p>Die SPD-Fraktion hat in der vergangenen Sitzung der Bezirksvertretung IX ihre ablehnende Haltung zu den Baugebieten am Schmachtenberg und an der Gr\u00fcnen Harfe bekr\u00e4ftigt. Einen eindringlichen Appell richtete sie an die CDU-Fraktion und Bezirksvorsteher Kranz, ihre Haltung zu \u00fcberdenken. Harald Neef, Bezirksvertreter aus Kettwig, ist froh, dass der Protest der [&hellip;]<\/p>\n","protected":false},"author":1,"featured_media":0,"comment_status":"open","ping_status":"open","sticky":false,"template":"","format":"standard","meta":{"footnotes":""},"categories":[5],"tags":[],"class_list":["post-16","post","type-post","status-publish","format-standard","hentry","category-bv-ix"],"_links":{"self":[{"href":"https:\/\/daniel-behmenburg.de\/index.php?rest_route=\/wp\/v2\/posts\/16","targetHints":{"allow":["GET"]}}],"collection":[{"href":"https:\/\/daniel-behmenburg.de\/index.php?rest_route=\/wp\/v2\/posts"}],"about":[{"href":"https:\/\/daniel-behmenburg.de\/index.php?rest_route=\/wp\/v2\/types\/post"}],"author":[{"embeddable":true,"href":"https:\/\/daniel-behmenburg.de\/index.php?rest_route=\/wp\/v2\/users\/1"}],"replies":[{"embeddable":true,"href":"https:\/\/daniel-behmenburg.de\/index.php?rest_route=%2Fwp%2Fv2%2Fcomments&post=16"}],"version-history":[{"count":0,"href":"https:\/\/daniel-behmenburg.de\/index.php?rest_route=\/wp\/v2\/posts\/16\/revisions"}],"wp:attachment":[{"href":"https:\/\/daniel-behmenburg.de\/index.php?rest_route=%2Fwp%2Fv2%2Fmedia&parent=16"}],"wp:term":[{"taxonomy":"category","embeddable":true,"href":"https:\/\/daniel-behmenburg.de\/index.php?rest_route=%2Fwp%2Fv2%2Fcategories&post=16"},{"taxonomy":"post_tag","embeddable":true,"href":"https:\/\/daniel-behmenburg.de\/index.php?rest_route=%2Fwp%2Fv2%2Ftags&post=16"}],"curies":[{"name":"wp","href":"https:\/\/api.w.org\/{rel}","templated":true}]}}