{"id":1581,"date":"2022-02-23T21:48:20","date_gmt":"2022-02-23T21:48:20","guid":{"rendered":"http:\/\/daniel-behmenburg.de\/?p=1581"},"modified":"2022-02-23T21:48:21","modified_gmt":"2022-02-23T21:48:21","slug":"hochwasser-katastrophe-essen-steht-zusammen-und-zeigt-zivilcourage","status":"publish","type":"post","link":"https:\/\/daniel-behmenburg.de\/?p=1581","title":{"rendered":"Hochwasser-Katastrophe \u2013 Essen steht zusammen und zeigt Zivilcourage"},"content":{"rendered":"\n<p>Die SPD-Ratsfraktion dankt allen beteiligten Helferinnen und Helfern im Zuge der Hochwasserkatastrophe des letzten Jahres, mahnt aber auch die richtigen Schl\u00fcsse f\u00fcr die Zukunft an.\u00a0 Der Rat der Stadt Essen hat heute beschlossen, Billigkeitsleitungen beim Land f\u00fcr die Sch\u00e4den an \u00f6ffentlicher Infrastruktur in Verbindung mit der Starkregen- und Hochwasserkatastrophe im Juli 2021 zu beantragen. Grundlage des Beschlusses ist der auf sieben Seiten eng beschriebene Wiederaufbauplan der Stadt Essen.<\/p>\n\n\n\n<p>\u201eDas heutige Ergebnis mag als n\u00fcchterne Tabelle daherkommen. Doch der Eindruck t\u00e4uscht. Hinter jeder Zeile und jedem unerw\u00e4hntem privaten Schadensfall, stehen Schicksale, Existenzen aber auch viele helfende H\u00e4nde. Ihnen geb\u00fchrt nicht nur das Scheinwerferlicht des heutigen Tages, sondern vor allem unser aller Dank.\u201c rekapituliert <strong>Ingo Vogel, Fraktionsvorsitzender der SPD im Rat der Stadt Essen<\/strong>. \u201eOb es tats\u00e4chlich ein menschliches Versagen gab und ob diese Ausma\u00dfe schlussendlich zu verhindern gewesen w\u00e4ren, das m\u00fcssen andere Ebenen kl\u00e4ren. Wir als Kommunalpolitik haben unsere Aufmerksamkeit schnell darauf konzentriert, was wir ganz konkret erreichen und verbessern konnten, unb\u00fcrokratisch und Hand in Hand.\u201c<\/p>\n\n\n\n<p>\u201eDeshalb liegt unser Fokus heute darauf, Danke zu sagen. Danke an unsere Feuerwehr, Entsorgungsbetriebe, Polizei und Notfalldienste. Danke an die Kolleginnen und Kollegen der Verwaltung, die im Schulterschluss mit der Politik, die notwendigen Hilfen kurzfristig auf den Weg gebracht haben,\u201c z\u00e4hlt <strong>Julia Klewin, Sprecherin im Ausschuss f\u00fcr Ordnung, Personal, Organisation und Gleichstellung<\/strong>, die Vielzahl der engagierten hauptamtlichen und ehrenamtlichen Helfer auf. \u201eDanke auch an die Mitstreiterinnen und Mitstreiter der demokratischen Parteien im Rat und in den Aussch\u00fcssen, die die notwendigen Beschl\u00fcsse ohne parteipolitisches Taktieren auf den Weg gebracht haben. Nicht zuletzt gilt unser Dank nat\u00fcrlich der Zivilgesellschaft, die sich entweder gleich handfest oder durch Spenden eingebracht hat.\u201c<\/p>\n\n\n\n<p>\u201eNeben einer Vielzahl schrecklicher Eindr\u00fccke und Schicksalsschl\u00e4ge durch diese Katastrophe hat das Hochwasser aber auch gezeigt, wie solidarisch unsere Stadtgesellschaft sein kann. Nicht nur hier in Essen, in allen betroffenen Regionen haben sich B\u00fcrgerinnen und B\u00fcrger, Vereine und Initiativen selbstlos gezeigt und ihren Mitmenschen beigestanden,\u201c erinnert sich <strong>Daniel Behmenburg, Ratsherr aus Kettwig<\/strong>. \u201eWas ich vor Ort in Kettwig an Mitmenschlichkeit, Unterst\u00fctzung und Hilfe erleben durfte, war ebenso eindrucksvoll wie bewundernswert. Ohne nachzufragen, wurde einfach angepackt und Zusammenhalt vorgelebt.\u201c\u00a0<\/p>\n\n\n\n<p>\u201eZiel der Politik muss es von nun an sein, die Menschen und die Natur vor Katastrophen dieser Art zu sch\u00fctzen. Dieses Hochwasser hat uns gezeigt, wie machtlos wir der Natur gegen\u00fcber sein k\u00f6nnen, sollten wir uns nicht besser vorbereiten. Wir m\u00fcssen funktionierende Fr\u00fchwarnsysteme installieren, \u00fcber bauliche Konsequenzen nachdenken, kurzum unsere Stadt auf den Klimawandel einstellen. Dies ist keine Aufgabe, die eine Kommune alleine stemmen kann. Hier ist meines Erachtens das Land in der Pflicht, f\u00fcr ein integriertes Schutzkonzept im Dialog mit den Akteuren vor Ort zu sorgen\u201c, mahnt <strong>Julia Kahle-Hausmann, umweltpolitische Sprecherin der SPD-Ratsfraktion<\/strong>, vor der Gefahr politischer Unt\u00e4tigkeit.<\/p>\n","protected":false},"excerpt":{"rendered":"<p>Die SPD-Ratsfraktion dankt allen beteiligten Helferinnen und Helfern im Zuge der Hochwasserkatastrophe des letzten Jahres, mahnt aber auch die richtigen Schl\u00fcsse f\u00fcr die Zukunft an.\u00a0 Der Rat der Stadt Essen hat heute beschlossen, Billigkeitsleitungen beim Land f\u00fcr die Sch\u00e4den an \u00f6ffentlicher Infrastruktur in Verbindung mit der Starkregen- und Hochwasserkatastrophe im [&hellip;]<\/p>\n","protected":false},"author":1,"featured_media":1582,"comment_status":"open","ping_status":"open","sticky":false,"template":"","format":"standard","meta":{"footnotes":""},"categories":[131],"tags":[],"class_list":["post-1581","post","type-post","status-publish","format-standard","has-post-thumbnail","hentry","category-essen"],"_links":{"self":[{"href":"https:\/\/daniel-behmenburg.de\/index.php?rest_route=\/wp\/v2\/posts\/1581","targetHints":{"allow":["GET"]}}],"collection":[{"href":"https:\/\/daniel-behmenburg.de\/index.php?rest_route=\/wp\/v2\/posts"}],"about":[{"href":"https:\/\/daniel-behmenburg.de\/index.php?rest_route=\/wp\/v2\/types\/post"}],"author":[{"embeddable":true,"href":"https:\/\/daniel-behmenburg.de\/index.php?rest_route=\/wp\/v2\/users\/1"}],"replies":[{"embeddable":true,"href":"https:\/\/daniel-behmenburg.de\/index.php?rest_route=%2Fwp%2Fv2%2Fcomments&post=1581"}],"version-history":[{"count":1,"href":"https:\/\/daniel-behmenburg.de\/index.php?rest_route=\/wp\/v2\/posts\/1581\/revisions"}],"predecessor-version":[{"id":1583,"href":"https:\/\/daniel-behmenburg.de\/index.php?rest_route=\/wp\/v2\/posts\/1581\/revisions\/1583"}],"wp:featuredmedia":[{"embeddable":true,"href":"https:\/\/daniel-behmenburg.de\/index.php?rest_route=\/wp\/v2\/media\/1582"}],"wp:attachment":[{"href":"https:\/\/daniel-behmenburg.de\/index.php?rest_route=%2Fwp%2Fv2%2Fmedia&parent=1581"}],"wp:term":[{"taxonomy":"category","embeddable":true,"href":"https:\/\/daniel-behmenburg.de\/index.php?rest_route=%2Fwp%2Fv2%2Fcategories&post=1581"},{"taxonomy":"post_tag","embeddable":true,"href":"https:\/\/daniel-behmenburg.de\/index.php?rest_route=%2Fwp%2Fv2%2Ftags&post=1581"}],"curies":[{"name":"wp","href":"https:\/\/api.w.org\/{rel}","templated":true}]}}