{"id":1577,"date":"2022-02-23T17:56:19","date_gmt":"2022-02-23T17:56:19","guid":{"rendered":"http:\/\/daniel-behmenburg.de\/?p=1577"},"modified":"2022-02-23T17:57:39","modified_gmt":"2022-02-23T17:57:39","slug":"ratsrede-zum-thema-busverbindung-von-kettwig-nach-mintard","status":"publish","type":"post","link":"https:\/\/daniel-behmenburg.de\/?p=1577","title":{"rendered":"Ratsrede zum Thema &#8222;Busverbindung von Kettwig nach Mintard&#8220;"},"content":{"rendered":"\n<p><em>Zum Antrag der SPD-Fraktion<\/em><\/p>\n\n\n\n<p>Sehr geehrter Herr Oberb\u00fcrgermeister,<\/p>\n\n\n\n<p>liebe Kolleginnen und Kollegen,<\/p>\n\n\n\n<p>lieber Uli Beul,<\/p>\n\n\n\n<p>Das Thema \u201eBusanbindung Kettwig \u2013 Mintard\u201c ist nicht wirklich neu. Und erfunden hat es, wenn wir ehrlich sind, auch keiner von uns. Und so weit sind wir voneinander ja auch nicht entfernt. Deshalb bin ich mir sicher: egal, welche Beschlussfassung am Ende zustande kommen wird, sie wird das Thema voranbringen. Und das freut mich, ganz besonders im Interesse der betroffenen Menschen.<\/p>\n\n\n\n<p>Mit der Linie 132 hatten wir vor mehreren Jahren bereits eine direkte Verbindung von Kettwig nach Mintard und zur\u00fcck. Die Einstellung dieser Busverbindung stie\u00df schon damals auf Unverst\u00e4ndnis. Und seitdem h\u00e4lt sich auch der Wunsch, eine erneute Verbindung zu etablieren. Die Gr\u00fcnde sind mannigfaltig. Ich m\u00f6chte nur ein paar nennen. Die r\u00e4umliche N\u00e4he von Mintard zu Kettwig, zum Beispiel um einzukaufen und Freundinnen und Freunde dort zu besuchen. Kita- und Schulbesuch der Kinder. Mitgliedschaft in Vereinen. Das Problem nur: ich bin von Kettwig aus schneller mit dem \u00d6PNV in Karnap oder Altenessen \u2013 bevor ich hier falsch verstanden werde: Stadtteile, in denen ich gerne bin \u2013 als in Mintard. Wenn man die Menschen dazu bringen m\u00f6chte, den Nahverkehr zu nutzen, dann muss man schnelle und direkte Verbindungen schaffen.<\/p>\n\n\n\n<p>Ich bin deshalb dem Fu\u00dfballverein \u201eBlau-Wei\u00df Mintard\u201c und dem B\u00fcrgerverein \u201eWir in Mintard\u201c sehr dankbar daf\u00fcr, dass sie dieses Thema mit einer Unterschriftenaktion wieder auf die Tagesordnung geholt haben.<\/p>\n\n\n\n<p>Ein paar Worte zu unserem Antrag: Wir m\u00f6chten als SPD-Fraktion ebenso wie die Kolleginnen und Kollegen von CDU und GR\u00dcNEN eine Aufnahme dieser Verbindung in den Nahverkehrsplan. Den M\u00fclheimer Kolleginnen und Kollegen die Idee anzutragen, diese neue &nbsp;Linie bis nach Saarn fortzuf\u00fchren und damit auch dem Wunsch der B\u00fcrgerinnen und B\u00fcrger in Mintard nach einer besseren Anbindung als dem bisherigen Stundentakt nach M\u00fclheim Rechnung zu tragen, auch dieses Ansinnen eint uns.<\/p>\n\n\n\n<p>Erg\u00e4nzend m\u00f6chten wir aber auch ausdr\u00fccklich f\u00fcr eine kurzfristige L\u00f6sung, die zum Beispiel in einer Durchstreckung der Linie 134 liegen k\u00f6nnte, werben.<\/p>\n\n\n\n<p>Die Idee, \u00fcber eine Anbindung von Breitscheid, liebe Kolleginnen und Kollegen von CDU und GR\u00dcNEN, und \u00fcber eine Anbindung des Flughafens Essen-M\u00fclheims und eine bessere Anbindung von Velbert, liebe Kolleginnen und Kollegen der FDP, nachzudenken, finden wir gut. Wir sind jedoch der Meinung, dass man das Ursprungsanliegen der Verbindung Kettwig \u2013 Mintard nicht \u00fcberfrachten sollte. Unseres Erachtens sollte man diese Themen in separaten Initiativen behandeln. Deshalb werden wir den Antrag der FDP ablehnen und uns beim Antrag von CDU und GR\u00dcNEN enthalten. Ich wage jedoch die vorsichtige Prognose, dass zumindest letzteres Votum die Mehrheitsfindung nicht hemmen wird. F\u00fcr unseren Antrag werbe ich um Zustimmung.<\/p>\n\n\n\n<p>Ich freue mich, das Thema weiter zu begleiten. Vielleicht sollten wir in der Zukunft \u00fcber gemeinsame Initiativen nachdenken, um das Thema auch in Richtung der Nachbarstadt mit einem breiten politischen Votum zu versehen. Danke f\u00fcr die Aufmerksamkeit.<\/p>\n","protected":false},"excerpt":{"rendered":"<p>Zum Antrag der SPD-Fraktion Sehr geehrter Herr Oberb\u00fcrgermeister, liebe Kolleginnen und Kollegen, lieber Uli Beul, Das Thema \u201eBusanbindung Kettwig \u2013 Mintard\u201c ist nicht wirklich neu. Und erfunden hat es, wenn wir ehrlich sind, auch keiner von uns. Und so weit sind wir voneinander ja auch nicht entfernt. Deshalb bin ich [&hellip;]<\/p>\n","protected":false},"author":1,"featured_media":1524,"comment_status":"open","ping_status":"open","sticky":false,"template":"","format":"standard","meta":{"footnotes":""},"categories":[6,246],"tags":[268,57,267,113],"class_list":["post-1577","post","type-post","status-publish","format-standard","has-post-thumbnail","hentry","category-kettwig","category-rede","tag-busverbindung","tag-kettwig","tag-mintard","tag-oepnv"],"_links":{"self":[{"href":"https:\/\/daniel-behmenburg.de\/index.php?rest_route=\/wp\/v2\/posts\/1577","targetHints":{"allow":["GET"]}}],"collection":[{"href":"https:\/\/daniel-behmenburg.de\/index.php?rest_route=\/wp\/v2\/posts"}],"about":[{"href":"https:\/\/daniel-behmenburg.de\/index.php?rest_route=\/wp\/v2\/types\/post"}],"author":[{"embeddable":true,"href":"https:\/\/daniel-behmenburg.de\/index.php?rest_route=\/wp\/v2\/users\/1"}],"replies":[{"embeddable":true,"href":"https:\/\/daniel-behmenburg.de\/index.php?rest_route=%2Fwp%2Fv2%2Fcomments&post=1577"}],"version-history":[{"count":2,"href":"https:\/\/daniel-behmenburg.de\/index.php?rest_route=\/wp\/v2\/posts\/1577\/revisions"}],"predecessor-version":[{"id":1580,"href":"https:\/\/daniel-behmenburg.de\/index.php?rest_route=\/wp\/v2\/posts\/1577\/revisions\/1580"}],"wp:featuredmedia":[{"embeddable":true,"href":"https:\/\/daniel-behmenburg.de\/index.php?rest_route=\/wp\/v2\/media\/1524"}],"wp:attachment":[{"href":"https:\/\/daniel-behmenburg.de\/index.php?rest_route=%2Fwp%2Fv2%2Fmedia&parent=1577"}],"wp:term":[{"taxonomy":"category","embeddable":true,"href":"https:\/\/daniel-behmenburg.de\/index.php?rest_route=%2Fwp%2Fv2%2Fcategories&post=1577"},{"taxonomy":"post_tag","embeddable":true,"href":"https:\/\/daniel-behmenburg.de\/index.php?rest_route=%2Fwp%2Fv2%2Ftags&post=1577"}],"curies":[{"name":"wp","href":"https:\/\/api.w.org\/{rel}","templated":true}]}}