{"id":157,"date":"2010-07-11T13:39:21","date_gmt":"2010-07-11T13:39:21","guid":{"rendered":"http:\/\/danielbehmenburg.wordpress.com\/?p=157"},"modified":"2010-07-11T13:39:21","modified_gmt":"2010-07-11T13:39:21","slug":"stellungnahme-der-burgerinitiative-rettet-die-grunflachen-zur-absicht-der-stadt-essen-das-gelande-der-grunen-harfe-erneut-zu-bebauen","status":"publish","type":"post","link":"https:\/\/daniel-behmenburg.de\/?p=157","title":{"rendered":"Stellungnahme der B\u00fcrgerinitiative  \u201eRettet die Gr\u00fcnfl\u00e4chen\u201c  zur Absicht der Stadt Essen, das Gel\u00e4nde der \u201eGr\u00fcnen Harfe\u201c erneut zu bebauen"},"content":{"rendered":"<p><a href=\"http:\/\/danielbehmenburg.files.wordpress.com\/2010\/07\/grune-harfe.jpg\"><img loading=\"lazy\" decoding=\"async\" class=\"aligncenter size-medium wp-image-154\" title=\"gr\u00fcne harfe\" src=\"http:\/\/danielbehmenburg.files.wordpress.com\/2010\/07\/grune-harfe.jpg?w=300\" alt=\"\" width=\"300\" height=\"200\" srcset=\"https:\/\/daniel-behmenburg.de\/wp-content\/uploads\/2010\/07\/grune-harfe.jpg 1200w, https:\/\/daniel-behmenburg.de\/wp-content\/uploads\/2010\/07\/grune-harfe-300x201.jpg 300w, https:\/\/daniel-behmenburg.de\/wp-content\/uploads\/2010\/07\/grune-harfe-1024x685.jpg 1024w, https:\/\/daniel-behmenburg.de\/wp-content\/uploads\/2010\/07\/grune-harfe-768x514.jpg 768w\" sizes=\"auto, (max-width: 300px) 100vw, 300px\" \/><\/a><\/p>\n<p>Fast w\u00e4re der \u00dcberraschungsangriff gegl\u00fcckt! Kurz und heimlich sollte er durchgewunken werden: der Auftrag an die Verwaltung, neue Pl\u00e4ne f\u00fcr die \u201eGr\u00fcne Harfe\u201c zu erstellen.\u00a0 Doch einige SPD- Mitglieder waren aufmerksamer, als die Verwaltung es gehofft hatte. Sie beantragten eine Beratung \u2013 damit wird die Entscheidung \u00fcber Wohl und Wehe der Gr\u00fcnen Harfe zun\u00e4chst auf die Zeit nach den Sommerferien verschoben.<\/p>\n<p>Die BI ist best\u00fcrzt und emp\u00f6rt. Wir vermuten,\u00a0 dass das Projekt Gr\u00fcne Harfe erneut am B\u00fcrgerwillen vorbei auf den Weg gebracht wird.<br \/>\nEigentlich waren die Bef\u00fcrworter einer Bebauung nach der letzten Kommunalwahl und dem schlechten Abschneiden der CDU im Bezirk sehr in die Defensive gedr\u00e4ngt worden. Zudem hatte der neue SPD- OB Reinhard Pass bei einem Ortstermin mit B\u00fcrgern und der BI klar formuliert: \u201eWir lehnen eine Bebauung der Gr\u00fcnen Harfe ab!\u00a0 Allenfalls aus einer Zwangssituation heraus, z.B. einem Gerichtsurteil, w\u00fcrden wir\u00a0 eine Planung veranlassen.\u201c<\/p>\n<p>Offensichtlich soll es nun anders kommen. Dreh- und Angelpunkt ist die scheinbar weiterhin existierende schwarz-gr\u00fcne Betonkoalition.\u00a0 Dass die CDU l\u00e4ngst \u00fcberholte st\u00e4dtebauliche Ziele auch f\u00fcr die Zukunft in Essen fortschreiben will, wei\u00df die BI aus leidvoller Erfahrung.\u00a0 Doch dass die Gr\u00fcnen ihren politischen Freiraum nicht zur\u00fcckholen, ist v\u00f6llig unverst\u00e4ndlich. W\u00e4hrend in Werden die \u00d6kos \u00fcber 100 H\u00e4user an der Gr\u00fcnen Harfe strikt ablehnen, bef\u00fcrwortet ihre Fraktionsvorsitzende Hiltrud Schmutzler-J\u00e4ger im Rat der Stadt die Bebauung sehr wohl. Sie verl\u00e4\u00dft damit klare Anspr\u00fcche gr\u00fcner Politik. Sie ist nicht willens, nach der f\u00fcnfj\u00e4hrigen politischen Koalition mit der CDU zum\u00a0 fr\u00fcher deklarierten \u201eNein\u201c zur Gr\u00fcnen Harfe und damit zum Schutz von Menschen, Umwelt und Natur zur\u00fcckzukehren.<br \/>\nDabei ist die\u00a0 \u201eGr\u00fcne Harfe\u201c nur der Anfang. Die Planer in der Verwaltung fordern in der Tischvorlage,\u00a0 Fl\u00e4chen f\u00fcr 600 neue H\u00e4user und Wohneinheiten im Essener S\u00fcden bereitzustellen. Da reicht die \u201eGr\u00fcne Harfe\u201c nicht. Die Fischlaker H\u00f6hen und der Viehauser Berg kommen da schneller als gedacht wieder auf den Tisch.<br \/>\nDie neuen Planungen ignorieren die bereits jetzt bestehenden Riesenprobleme des Verkehrs und\u00a0 der sich daraus ergebenden Gesundheitsgef\u00e4hrdung f\u00fcr die Werdener B\u00fcrger. Wenn eine Stadt plant, kostet das viel Geld. Doch bisher scheitert eine Mess-Station z.B. f\u00fcr Feinstaub und Benzol\u00a0 in Werden an fehlenden 25.000.-\u20ac!\u00a0 Die BI fordert: Erst Messstation und positive Umwelt-Werte, dann eine weitere Planung! Erst existentielle Verkehrsprobleme l\u00f6sen, dann \u00fcber grandiose Neubaupl\u00e4ne diskutieren. So lange soll das\u00a0 Frischluft- und Erholungsgebiet unangetastet und f\u00fcr die B\u00fcrger erhalten bleiben.<\/p>\n","protected":false},"excerpt":{"rendered":"<p>Fast w\u00e4re der \u00dcberraschungsangriff gegl\u00fcckt! Kurz und heimlich sollte er durchgewunken werden: der Auftrag an die Verwaltung, neue Pl\u00e4ne f\u00fcr die \u201eGr\u00fcne Harfe\u201c zu erstellen.\u00a0 Doch einige SPD- Mitglieder waren aufmerksamer, als die Verwaltung es gehofft hatte. Sie beantragten eine Beratung \u2013 damit wird die Entscheidung \u00fcber Wohl und Wehe [&hellip;]<\/p>\n","protected":false},"author":1,"featured_media":0,"comment_status":"open","ping_status":"open","sticky":false,"template":"","format":"standard","meta":{"footnotes":""},"categories":[5],"tags":[],"class_list":["post-157","post","type-post","status-publish","format-standard","hentry","category-bv-ix"],"_links":{"self":[{"href":"https:\/\/daniel-behmenburg.de\/index.php?rest_route=\/wp\/v2\/posts\/157","targetHints":{"allow":["GET"]}}],"collection":[{"href":"https:\/\/daniel-behmenburg.de\/index.php?rest_route=\/wp\/v2\/posts"}],"about":[{"href":"https:\/\/daniel-behmenburg.de\/index.php?rest_route=\/wp\/v2\/types\/post"}],"author":[{"embeddable":true,"href":"https:\/\/daniel-behmenburg.de\/index.php?rest_route=\/wp\/v2\/users\/1"}],"replies":[{"embeddable":true,"href":"https:\/\/daniel-behmenburg.de\/index.php?rest_route=%2Fwp%2Fv2%2Fcomments&post=157"}],"version-history":[{"count":0,"href":"https:\/\/daniel-behmenburg.de\/index.php?rest_route=\/wp\/v2\/posts\/157\/revisions"}],"wp:attachment":[{"href":"https:\/\/daniel-behmenburg.de\/index.php?rest_route=%2Fwp%2Fv2%2Fmedia&parent=157"}],"wp:term":[{"taxonomy":"category","embeddable":true,"href":"https:\/\/daniel-behmenburg.de\/index.php?rest_route=%2Fwp%2Fv2%2Fcategories&post=157"},{"taxonomy":"post_tag","embeddable":true,"href":"https:\/\/daniel-behmenburg.de\/index.php?rest_route=%2Fwp%2Fv2%2Ftags&post=157"}],"curies":[{"name":"wp","href":"https:\/\/api.w.org\/{rel}","templated":true}]}}