{"id":1549,"date":"2021-11-26T19:19:43","date_gmt":"2021-11-26T19:19:43","guid":{"rendered":"http:\/\/daniel-behmenburg.de\/?p=1549"},"modified":"2021-11-26T19:19:44","modified_gmt":"2021-11-26T19:19:44","slug":"die-essener-sportvereine-verdienen-mehr-spd-fordert-ein-jahrzehnt-der-modernen-umkleidegebaeude","status":"publish","type":"post","link":"https:\/\/daniel-behmenburg.de\/?p=1549","title":{"rendered":"Die Essener Sportvereine verdienen mehr \u2013 SPD fordert ein Jahrzehnt der modernen Umkleidegeb\u00e4ude"},"content":{"rendered":"\n<p>Das Kunstrasenprogramm der Stadt Essen geht langsam seinem erfolgreichen Ende entgegen. Der nun n\u00f6tige kontinuierliche Austausch liegt fortan in der Hand der Verwaltung. Deshalb hat sich die SPD-Fraktion im Sportausschuss einen neuen Schwerpunkt f\u00fcr die n\u00e4chsten Jahre gesetzt.<\/p>\n\n\n\n<p>\u201eWir brauchen nun ein Jahrzehnt der modernen Umkleidegeb\u00e4ude. Bei nahezu allen Vereinen, die wir im letzten Jahr besuchen durften, sind die Umkleiden das gr\u00f6\u00dfte \u00c4rgernis. Die R\u00e4ume und Geb\u00e4ude sind nicht nur stark in die Jahre gekommen, sie sind teilweise in einem nicht mehr akzeptablen Zustand. Hier zeigt sich, welche Wertsch\u00e4tzung die Politik unserer Stadt den meist ehrenamtlich Aktiven in unseren Sportvereinen entgegenbringt. Da herrscht momentan noch viel Luft nach oben. Deshalb ist es unser Ziel, dass wir j\u00e4hrlich vier bis f\u00fcnf Umkleidegeb\u00e4ude unserer Essener Sportvereine in den Fokus nehmen und entweder zeitgem\u00e4\u00df sanieren oder dort, wo es n\u00f6tig ist, neu bauen\u201c, so der <strong>sportpolitische Sprecher der SPD-Fraktion, Daniel Behmenburg<\/strong>.<\/p>\n\n\n\n<p>\u201eBei allen Planungen, die wir auf unseren Sportanlagen vornehmen, m\u00fcssen wir auch m\u00f6gliche Kooperationen mitdenken, zum Beispiel zwischen den Sportvereinen und Schulen. Das schafft einen Mehrwert f\u00fcr alle Beteiligten. Konkret denke ich hier an den Ganztag und den schulischen und au\u00dferschulischen Sportunterricht,\u201c ruft <strong>Michael Schwamborn, Vorsitzender des Sportausschusses,<\/strong> zu einer Sportpolitik auf, von der alle Akteure gemeinsam profitieren. Die smarte Nutzung der Anlagen bringt f\u00fcr ihn einen weiteren entscheidenden Vorteil mit sich: \u201eWenn wir Gr\u00fcn- und Freifl\u00e4chen langfristig erhalten wollen, m\u00fcssen wir uns \u00fcberlegen, wie wir bereits bebaute Fl\u00e4chen mehrfach nutzen k\u00f6nnen. Dies trifft auch auf unsere Sportanlagen zu. In diesem Zuge ist es unerl\u00e4sslich, moderne und attraktive Umkleiden zu haben, die den Bed\u00fcrfnissen und Anspr\u00fcchen der verschiedenen Nutzerinnen und Nutzer gerecht werden. Aber auch Multifunktionsr\u00e4ume m\u00fcssen an die diversen Nutzerinteressen angepasst werden. Eine Herausforderung f\u00fcr die Zukunft, der wir uns gerne stellen.\u201c<\/p>\n\n\n\n<p>\u201eAuch wenn heute im Stadtrat unser Haushaltsantrag f\u00fcr moderne Umkleidegeb\u00e4ude durch die CDU\/GR\u00dcNE-Ratsmehrheit abgelehnt wurde, geben wir nicht auf. Beim Haushalt 2022 hat die Stadt im Bereich des Spitzensports gezeigt, dass es m\u00f6glich ist, zus\u00e4tzliches Geld in Millionenh\u00f6he zweckgerichtet in die Sportinfrastruktur zu stecken. Das ist ein richtiges und wichtiges Signal an den Sport. Diesem Beispiel m\u00fcssen nun in den Folgejahren zus\u00e4tzliche Investitionen, vor allem in den Breitensport, folgen. Das Jahr 2022 wird ein gutes Jahr f\u00fcr den Sport,\u201c ist sich <strong>Gerd Hampel, stellvertretender sportpolitischer Sprecher der SPD-Fraktion, <\/strong>sicher. \u201eSorgen wir gemeinsam daf\u00fcr, dass dies keine einzelne Episode bleibt, sondern der Startschuss einer erfolgreichen Serie f\u00fcr den Sport und die vielen tollen Vereine in unserer Stadt. Wir als SPD-Fraktion werden das Thema intensiv verfolgen und uns weiter f\u00fcr ein Modernisierungsprogramm f\u00fcr die Umkleide- und Funktionsgeb\u00e4ude auf unseren Sportpl\u00e4tzen einsetzen.\u201c<\/p>\n\n\n\n<div class=\"wp-block-image\"><figure class=\"aligncenter size-large is-resized\"><img loading=\"lazy\" decoding=\"async\" src=\"http:\/\/daniel-behmenburg.de\/wp-content\/uploads\/2021\/11\/Spielfeld-Linie-1024x768.jpg\" alt=\"\" class=\"wp-image-1550\" width=\"363\" height=\"272\" srcset=\"https:\/\/daniel-behmenburg.de\/wp-content\/uploads\/2021\/11\/Spielfeld-Linie-1024x768.jpg 1024w, https:\/\/daniel-behmenburg.de\/wp-content\/uploads\/2021\/11\/Spielfeld-Linie-300x225.jpg 300w, https:\/\/daniel-behmenburg.de\/wp-content\/uploads\/2021\/11\/Spielfeld-Linie-768x576.jpg 768w, https:\/\/daniel-behmenburg.de\/wp-content\/uploads\/2021\/11\/Spielfeld-Linie-1536x1152.jpg 1536w, https:\/\/daniel-behmenburg.de\/wp-content\/uploads\/2021\/11\/Spielfeld-Linie-2048x1536.jpg 2048w\" sizes=\"auto, (max-width: 363px) 100vw, 363px\" \/><\/figure><\/div>\n","protected":false},"excerpt":{"rendered":"<p>Das Kunstrasenprogramm der Stadt Essen geht langsam seinem erfolgreichen Ende entgegen. Der nun n\u00f6tige kontinuierliche Austausch liegt fortan in der Hand der Verwaltung. Deshalb hat sich die SPD-Fraktion im Sportausschuss einen neuen Schwerpunkt f\u00fcr die n\u00e4chsten Jahre gesetzt. \u201eWir brauchen nun ein Jahrzehnt der modernen Umkleidegeb\u00e4ude. Bei nahezu allen Vereinen, [&hellip;]<\/p>\n","protected":false},"author":1,"featured_media":1550,"comment_status":"open","ping_status":"open","sticky":false,"template":"","format":"standard","meta":{"footnotes":""},"categories":[35],"tags":[260,259,254,257,253,61,262,261,188,233,258],"class_list":["post-1549","post","type-post","status-publish","format-standard","has-post-thumbnail","hentry","category-sport","tag-ausschreitungen","tag-fairplay","tag-fussball","tag-gewalt","tag-gewalt-im-sport","tag-rat-der-stadt","tag-ratsherr","tag-ratspolitik","tag-sport","tag-sportausschuss","tag-sportvereine"],"_links":{"self":[{"href":"https:\/\/daniel-behmenburg.de\/index.php?rest_route=\/wp\/v2\/posts\/1549","targetHints":{"allow":["GET"]}}],"collection":[{"href":"https:\/\/daniel-behmenburg.de\/index.php?rest_route=\/wp\/v2\/posts"}],"about":[{"href":"https:\/\/daniel-behmenburg.de\/index.php?rest_route=\/wp\/v2\/types\/post"}],"author":[{"embeddable":true,"href":"https:\/\/daniel-behmenburg.de\/index.php?rest_route=\/wp\/v2\/users\/1"}],"replies":[{"embeddable":true,"href":"https:\/\/daniel-behmenburg.de\/index.php?rest_route=%2Fwp%2Fv2%2Fcomments&post=1549"}],"version-history":[{"count":2,"href":"https:\/\/daniel-behmenburg.de\/index.php?rest_route=\/wp\/v2\/posts\/1549\/revisions"}],"predecessor-version":[{"id":1553,"href":"https:\/\/daniel-behmenburg.de\/index.php?rest_route=\/wp\/v2\/posts\/1549\/revisions\/1553"}],"wp:featuredmedia":[{"embeddable":true,"href":"https:\/\/daniel-behmenburg.de\/index.php?rest_route=\/wp\/v2\/media\/1550"}],"wp:attachment":[{"href":"https:\/\/daniel-behmenburg.de\/index.php?rest_route=%2Fwp%2Fv2%2Fmedia&parent=1549"}],"wp:term":[{"taxonomy":"category","embeddable":true,"href":"https:\/\/daniel-behmenburg.de\/index.php?rest_route=%2Fwp%2Fv2%2Fcategories&post=1549"},{"taxonomy":"post_tag","embeddable":true,"href":"https:\/\/daniel-behmenburg.de\/index.php?rest_route=%2Fwp%2Fv2%2Ftags&post=1549"}],"curies":[{"name":"wp","href":"https:\/\/api.w.org\/{rel}","templated":true}]}}