{"id":153,"date":"2010-07-04T21:33:34","date_gmt":"2010-07-04T21:33:34","guid":{"rendered":"http:\/\/danielbehmenburg.wordpress.com\/?p=153"},"modified":"2010-07-04T21:33:34","modified_gmt":"2010-07-04T21:33:34","slug":"spd-erneuert-ihre-ablehnende-haltung-zu-den-bauplanen-an-der-grunen-harfe-in-heidhausen","status":"publish","type":"post","link":"https:\/\/daniel-behmenburg.de\/?p=153","title":{"rendered":"SPD erneuert ihre ablehnende Haltung zu den Baupl\u00e4nen an der \u201eGr\u00fcnen Harfe\u201c in Heidhausen"},"content":{"rendered":"<p><a href=\"http:\/\/danielbehmenburg.files.wordpress.com\/2010\/07\/grune-harfe.jpg\"><img loading=\"lazy\" decoding=\"async\" class=\"aligncenter size-medium wp-image-154\" title=\"gr\u00fcne harfe\" src=\"http:\/\/danielbehmenburg.files.wordpress.com\/2010\/07\/grune-harfe.jpg?w=300\" alt=\"\" width=\"300\" height=\"200\" srcset=\"https:\/\/daniel-behmenburg.de\/wp-content\/uploads\/2010\/07\/grune-harfe.jpg 1200w, https:\/\/daniel-behmenburg.de\/wp-content\/uploads\/2010\/07\/grune-harfe-300x201.jpg 300w, https:\/\/daniel-behmenburg.de\/wp-content\/uploads\/2010\/07\/grune-harfe-1024x685.jpg 1024w, https:\/\/daniel-behmenburg.de\/wp-content\/uploads\/2010\/07\/grune-harfe-768x514.jpg 768w\" sizes=\"auto, (max-width: 300px) 100vw, 300px\" \/><\/a><\/p>\n<p>Mit Bedauern hat Daniel Behmenburg, Vorsitzender der SPD-Fraktion im Stadtbezirk IX, zur Kenntnis genommen, dass das Thema \u201eGr\u00fcne Harfe\u201c wieder auf der Tagesordnung der politischen Gremien steht: \u201eUnser Standpunkt zu dem Thema ist unver\u00e4ndert. Wir lehnen eine Wohnbebauung an der \u201eGr\u00fcnen Harfe\u201c in Heidhausen weiter ab. Hier w\u00fcrde ein wichtiges Naherholungsgebiet f\u00fcr die Menschen zunichte gemacht. Dar\u00fcber hinaus ist die B224 f\u00fcr diese zus\u00e4tzlichen Str\u00f6me gar nicht ausgelegt, so w\u00fcrde der Verkehrsinfarkt insbesondere im Werdener Zentrum weiter gef\u00f6rdert. <strong>Unser Standpunkt aus der Vergangenheit ist weiter aktuell, die Menschen k\u00f6nnen sich hier &#8211; auch nach der Kommunalwahl &#8211; auf unser Wort verlassen: Die SPD im Bezirk IX wird s\u00e4mtliche Bebauungspl\u00e4ne auf dem Gebiet der Gr\u00fcnen Harfe weiterhin mit allen politischen Mitteln bek\u00e4mpfen!<\/strong>\u201c<\/p>\n<p>F\u00fcr Peter Dinkelmann, planungspolitischer Sprecher der SPD-Fraktion, ist es nicht nachvollziehbar, warum das Anmelden von Beratungsbedarf im ASP seitens der gr\u00fcnen Fraktionsvorsitzenden Hiltrud Schmutzler-J\u00e4ger als \u201eWanken\u201c der\u00a0 SPD-Position interpretiert wird: \u201eEs ist unm\u00f6glich, dass die Fraktionsvorsitzende der Gr\u00fcnen hier versucht, durch Vermutungen von den Unstimmigkeiten in der eigenen Fraktion und Partei abzulenken. Mein Eindruck ist, dass in der letzten Sitzung des ASP dieses Thema kurzfristig durchgewunken werden sollte. Es ist in der SPD Essen durchaus \u00fcblich, dass man vor solch gewichtigen Themen noch einmal den Kontakt mit den politischen Vertretern vor Ort sucht, um sich \u00fcber den aktuellen Stand der Dinge zu informieren und das weitere Vorgehen abzusprechen. Deshalb haben wir Beratungsbedarf angemeldet. Ich bin eigentlich davon ausgegangen, dass jede Fraktion im Rat der Stadt Essen derart basisdemokratisch handelt. Bei den Gespr\u00e4chen vor Ort wurde deutlich, dass eine Bebauung der \u201eGr\u00fcnen Harfe\u201c weiterhin konsequent abgelehnt wird. Dieses entspricht auch der Beschlusslage der SPD Essen. Deshalb ist f\u00fcr uns klar, dass wir also weiterhin an unserer Positionen festhalten, dass werden wir in der n\u00e4chsten Sitzung des ASP dann auch deutlich machen.\u201c<\/p>\n<p>\u201eEs ist mehr als bedauerlich, dass die Fraktionsvorsitzende der Gr\u00fcnen im Rat der Stadt Essen hier wiederholt gr\u00fcne Ideale auf dem Altar der Macht opfert. Als Unversch\u00e4mtheit empfinde ich es jedoch, dann auch noch mit dem Finger auf die Sozialdemokraten zu zeigen! Ich freue mich, dass wir es in Essens Bezirksvertretungen mit gr\u00fcnen Kolleginnen und Kollegen zu tun haben, f\u00fcr die gr\u00fcne Grund\u00fcberzeugungen nicht unliebsames Beiwerk, sondern Grundlage ihres politischen Handelns sind!\u201c so Behmenburg, der auch stellvertretender Sprecher der SPD-Fraktionsvorsitzenden in den neun Essener Stadtbezirken ist, abschlie\u00dfend.<\/p>\n","protected":false},"excerpt":{"rendered":"<p>Mit Bedauern hat Daniel Behmenburg, Vorsitzender der SPD-Fraktion im Stadtbezirk IX, zur Kenntnis genommen, dass das Thema \u201eGr\u00fcne Harfe\u201c wieder auf der Tagesordnung der politischen Gremien steht: \u201eUnser Standpunkt zu dem Thema ist unver\u00e4ndert. Wir lehnen eine Wohnbebauung an der \u201eGr\u00fcnen Harfe\u201c in Heidhausen weiter ab. Hier w\u00fcrde ein wichtiges [&hellip;]<\/p>\n","protected":false},"author":1,"featured_media":0,"comment_status":"open","ping_status":"open","sticky":false,"template":"","format":"standard","meta":{"footnotes":""},"categories":[5],"tags":[],"class_list":["post-153","post","type-post","status-publish","format-standard","hentry","category-bv-ix"],"_links":{"self":[{"href":"https:\/\/daniel-behmenburg.de\/index.php?rest_route=\/wp\/v2\/posts\/153","targetHints":{"allow":["GET"]}}],"collection":[{"href":"https:\/\/daniel-behmenburg.de\/index.php?rest_route=\/wp\/v2\/posts"}],"about":[{"href":"https:\/\/daniel-behmenburg.de\/index.php?rest_route=\/wp\/v2\/types\/post"}],"author":[{"embeddable":true,"href":"https:\/\/daniel-behmenburg.de\/index.php?rest_route=\/wp\/v2\/users\/1"}],"replies":[{"embeddable":true,"href":"https:\/\/daniel-behmenburg.de\/index.php?rest_route=%2Fwp%2Fv2%2Fcomments&post=153"}],"version-history":[{"count":0,"href":"https:\/\/daniel-behmenburg.de\/index.php?rest_route=\/wp\/v2\/posts\/153\/revisions"}],"wp:attachment":[{"href":"https:\/\/daniel-behmenburg.de\/index.php?rest_route=%2Fwp%2Fv2%2Fmedia&parent=153"}],"wp:term":[{"taxonomy":"category","embeddable":true,"href":"https:\/\/daniel-behmenburg.de\/index.php?rest_route=%2Fwp%2Fv2%2Fcategories&post=153"},{"taxonomy":"post_tag","embeddable":true,"href":"https:\/\/daniel-behmenburg.de\/index.php?rest_route=%2Fwp%2Fv2%2Ftags&post=153"}],"curies":[{"name":"wp","href":"https:\/\/api.w.org\/{rel}","templated":true}]}}