{"id":1526,"date":"2021-09-22T18:50:51","date_gmt":"2021-09-22T18:50:51","guid":{"rendered":"http:\/\/daniel-behmenburg.de\/?p=1526"},"modified":"2021-09-22T18:50:53","modified_gmt":"2021-09-22T18:50:53","slug":"ratsrede-zum-thema-bedarfsgerechte-modifizierung-und-aenderung-der-sportfoerderungsrichtlinien","status":"publish","type":"post","link":"https:\/\/daniel-behmenburg.de\/?p=1526","title":{"rendered":"Ratsrede zum Thema \u201eBedarfsgerechte Modifizierung und \u00c4nderung der Sportf\u00f6rderungsrichtlinien\u201c"},"content":{"rendered":"\n<figure class=\"wp-block-image size-large\"><img loading=\"lazy\" decoding=\"async\" width=\"1024\" height=\"576\" src=\"http:\/\/daniel-behmenburg.de\/wp-content\/uploads\/2021\/09\/Daniel-Ratsrede-09-2021-1024x576.jpg\" alt=\"\" class=\"wp-image-1524\" srcset=\"https:\/\/daniel-behmenburg.de\/wp-content\/uploads\/2021\/09\/Daniel-Ratsrede-09-2021-1024x576.jpg 1024w, https:\/\/daniel-behmenburg.de\/wp-content\/uploads\/2021\/09\/Daniel-Ratsrede-09-2021-300x169.jpg 300w, https:\/\/daniel-behmenburg.de\/wp-content\/uploads\/2021\/09\/Daniel-Ratsrede-09-2021-768x432.jpg 768w, https:\/\/daniel-behmenburg.de\/wp-content\/uploads\/2021\/09\/Daniel-Ratsrede-09-2021-1536x864.jpg 1536w, https:\/\/daniel-behmenburg.de\/wp-content\/uploads\/2021\/09\/Daniel-Ratsrede-09-2021-2048x1152.jpg 2048w\" sizes=\"auto, (max-width: 1024px) 100vw, 1024px\" \/><\/figure>\n\n\n\n<p>Rede zur Verwaltungsvorlage <a rel=\"noreferrer noopener\" href=\"https:\/\/bit.ly\/3EHGIYR\" target=\"_blank\">https:\/\/bit.ly\/3EHGIYR<\/a> <br>mit der Anlage 1 <a rel=\"noreferrer noopener\" href=\"https:\/\/bit.ly\/3EHX2ZC\" target=\"_blank\">https:\/\/bit.ly\/3EHX2ZC<\/a> und der Anlage 2 <a rel=\"noreferrer noopener\" href=\"https:\/\/bit.ly\/3EHzm7O\" target=\"_blank\">https:\/\/bit.ly\/3EHzm7O<\/a><\/p>\n\n\n\n<p>&#8211; es gilt das gesprochene Wort &#8211;<\/p>\n\n\n\n<p>Sehr geehrter Herr Oberb\u00fcrgermeister,<br>liebe Kolleginnen und Kollegen,<\/p>\n\n\n\n<p>jeder Euro, den wir in den Sport investieren, ist ein gut investierter Euro, denn wir bekommen ihn mannigfach zur\u00fcck. Deshalb begr\u00fc\u00dfen wir diese Vorlage sehr, mit der wir 250.000 Euro in die Essener Sportlandschaft investieren. J\u00e4hrlich. <\/p>\n\n\n\n<p>Da uns als SPD wichtig ist, auch immer die Urheber von Ideen zu nennen, m\u00f6chten an dieser Stelle dem Kollegen Herbert Bu\u00dffeld danken, der mit seiner Initiative zur Erh\u00f6hung der Zusch\u00fcsse zur F\u00f6rderung der Jugendarbeit das Thema auf die Tagesordnung gebracht hat. <\/p>\n\n\n\n<p>Auf diesen Teilaspekt der Vorlage m\u00f6chte ich dann auch kurz gesondert eingehen. Seit 20 Jahren wurde der Pro-Kopf-Beitrag f\u00fcr die Jugendlichen in den Vereinen nicht mehr erh\u00f6ht. Die Steigerung um gut 33% ist nun ein wichtiges Signal der Wertsch\u00e4tzung an unsere Vereine und die dort Aktiven f\u00fcr die geleistete Arbeit. Und es ist duchaus ein Mehr in der Vereinskasse , welches den Vereinen gut tut.<\/p>\n\n\n\n<p>Deshalb sage ich danke an die Kolleginnen und Kollegen im Sportausschuss, dass wir das Thema fraktions\u00fcbegreifend unterst\u00fctzt und vorangetrieben haben. Danke an die Sportverwaltung, die dieses wichtige Thema schnell umgesetzt und sich bei der K\u00e4mmerei eingesetzt hat. Und danke dann an den K\u00e4mmerer, dass diese Mehrkosten nicht aus dem Sporthaushalt kommen m\u00fcssen.<\/p>\n\n\n\n<p>Danke f\u00fcr die Aufmerksamkeit.<\/p>\n","protected":false},"excerpt":{"rendered":"<p>Rede zur Verwaltungsvorlage https:\/\/bit.ly\/3EHGIYR mit der Anlage 1 https:\/\/bit.ly\/3EHX2ZC und der Anlage 2 https:\/\/bit.ly\/3EHzm7O &#8211; es gilt das gesprochene Wort &#8211; Sehr geehrter Herr Oberb\u00fcrgermeister,liebe Kolleginnen und Kollegen, jeder Euro, den wir in den Sport investieren, ist ein gut investierter Euro, denn wir bekommen ihn mannigfach zur\u00fcck. Deshalb begr\u00fc\u00dfen wir [&hellip;]<\/p>\n","protected":false},"author":1,"featured_media":1524,"comment_status":"open","ping_status":"open","sticky":false,"template":"","format":"standard","meta":{"footnotes":""},"categories":[246,35],"tags":[252,61,188,251,189,234],"class_list":["post-1526","post","type-post","status-publish","format-standard","has-post-thumbnail","hentry","category-rede","category-sport","tag-jugendarbeit","tag-rat-der-stadt","tag-sport","tag-sportfoerderung","tag-sportpolitik","tag-stadtrat"],"_links":{"self":[{"href":"https:\/\/daniel-behmenburg.de\/index.php?rest_route=\/wp\/v2\/posts\/1526","targetHints":{"allow":["GET"]}}],"collection":[{"href":"https:\/\/daniel-behmenburg.de\/index.php?rest_route=\/wp\/v2\/posts"}],"about":[{"href":"https:\/\/daniel-behmenburg.de\/index.php?rest_route=\/wp\/v2\/types\/post"}],"author":[{"embeddable":true,"href":"https:\/\/daniel-behmenburg.de\/index.php?rest_route=\/wp\/v2\/users\/1"}],"replies":[{"embeddable":true,"href":"https:\/\/daniel-behmenburg.de\/index.php?rest_route=%2Fwp%2Fv2%2Fcomments&post=1526"}],"version-history":[{"count":1,"href":"https:\/\/daniel-behmenburg.de\/index.php?rest_route=\/wp\/v2\/posts\/1526\/revisions"}],"predecessor-version":[{"id":1527,"href":"https:\/\/daniel-behmenburg.de\/index.php?rest_route=\/wp\/v2\/posts\/1526\/revisions\/1527"}],"wp:featuredmedia":[{"embeddable":true,"href":"https:\/\/daniel-behmenburg.de\/index.php?rest_route=\/wp\/v2\/media\/1524"}],"wp:attachment":[{"href":"https:\/\/daniel-behmenburg.de\/index.php?rest_route=%2Fwp%2Fv2%2Fmedia&parent=1526"}],"wp:term":[{"taxonomy":"category","embeddable":true,"href":"https:\/\/daniel-behmenburg.de\/index.php?rest_route=%2Fwp%2Fv2%2Fcategories&post=1526"},{"taxonomy":"post_tag","embeddable":true,"href":"https:\/\/daniel-behmenburg.de\/index.php?rest_route=%2Fwp%2Fv2%2Ftags&post=1526"}],"curies":[{"name":"wp","href":"https:\/\/api.w.org\/{rel}","templated":true}]}}