{"id":15,"date":"2008-08-20T10:00:00","date_gmt":"2008-08-20T10:00:00","guid":{"rendered":"http:\/\/danielbehmenburg.wordpress.com\/2008\/08\/20\/fatales-signal-%e2%80%93-ak-kanalbau-tur-weiter-zu"},"modified":"2008-08-20T10:00:00","modified_gmt":"2008-08-20T10:00:00","slug":"fatales-signal-ak-kanalbau-tur-weiter-zu","status":"publish","type":"post","link":"https:\/\/daniel-behmenburg.de\/?p=15","title":{"rendered":"Fatales Signal \u2013 AK-Kanalbau T\u00fcr weiter zu"},"content":{"rendered":"<p>Fassungslos sind die Sozialdemokraten in der Bezirksvertretung IX \u00fcber die Ablehnung ihres Antrages durch die CDU Mehrheit. Die Gr\u00fcnen haben erfreulicherweise ihren Standpunkt aus dem letzten Jahr \u00fcberdacht und als einzige weitere Fraktion dem Ansinnen der SPD Vertreter zugestimmt. Die SPD-Fraktion hatte in der letzten Sitzung der Bezirksvertretung IX beantragt, die \u00f6rtliche Presse zu den Sitzungen des Arbeitskreises Kanalbau zuzulassen.<\/p>\n<p>\u201eIch hatte hier auf eine breite Mehrheit in der Bezirksvertretung gehofft. Besonders im Hinblick auf die Ann\u00e4herung der Baustelle an die Innenstadt werden die Fragen mehr und auch die Probleme h\u00e4ufen sich. Hier w\u00e4re nun der richtige Zeitpunkt gewesen, als Politik partei\u00fcbergreifend ein Zeichen zu setzen. Die Menschen in Werden haben ein Recht, schnell und umfassend \u00fcber Beeintr\u00e4chtigungen durch die Kanalbaustelle informiert zu werden. Dass hier der Presse nicht die M\u00f6glichkeit gegeben wird, zeitnah aus dem Arbeitskreis zu berichten ist fahrl\u00e4ssig und absolut unverst\u00e4ndlich.\u201c so der SPD-Bezirksvertreter Bernd Donner.<\/p>\n<p>Daniel Behmenburg, Fraktionsvorsitzender der SPD in der BV IX, hoffte auch auf ein breites B\u00fcndnis der Vernunft in der Sitzung der Bezirksvertreter: \u201eDie Vertreter der Medien w\u00e4ren eine wirkliche Bereicherung f\u00fcr unseren Arbeitskreis gewesen. Sie h\u00e4tten wertvolle Hinweise aus der Bev\u00f6lkerung weiter geben und uns so auf wichtige Punkte hinweisen und gezielt berichten k\u00f6nnen. Bewusst haben wir unseren Antrag sehr neutral formuliert, um allen Fraktionen ohne R\u00fccksicht auf vorherige Standpunkte die M\u00f6glichkeit zu geben, hier ohne Gesichtsverlust zustimmen zu k\u00f6nnen. Wiederholt geht die CDU mit ihrem Bezirksvorsteher Hanslothar Kranz der \u00f6ffentlichen Diskussion aus dem Weg, an dieser Stelle sei noch einmal auf die konsequente Verweigerung bei der Thematik Regionaler Fl\u00e4chennutzungsplan erinnert. Man hat das Gef\u00fchl, dass die \u00d6ffentlichkeit und besonders die Medien durch die Mehrheitsfraktion eher als Gef\u00e4hrdung denn als wichtiger Bestandteil der politischen Kultur wahrgenommen werden. Dieses ist ein fatales Signal an die B\u00fcrgerinnen und B\u00fcrger. Transparenz und B\u00fcrgern\u00e4he sehen anders aus!\u201c<\/p>\n","protected":false},"excerpt":{"rendered":"<p>Fassungslos sind die Sozialdemokraten in der Bezirksvertretung IX \u00fcber die Ablehnung ihres Antrages durch die CDU Mehrheit. Die Gr\u00fcnen haben erfreulicherweise ihren Standpunkt aus dem letzten Jahr \u00fcberdacht und als einzige weitere Fraktion dem Ansinnen der SPD Vertreter zugestimmt. Die SPD-Fraktion hatte in der letzten Sitzung der Bezirksvertretung IX beantragt, [&hellip;]<\/p>\n","protected":false},"author":1,"featured_media":0,"comment_status":"open","ping_status":"open","sticky":false,"template":"","format":"standard","meta":{"footnotes":""},"categories":[5,27],"tags":[],"class_list":["post-15","post","type-post","status-publish","format-standard","hentry","category-bv-ix","category-werden"],"_links":{"self":[{"href":"https:\/\/daniel-behmenburg.de\/index.php?rest_route=\/wp\/v2\/posts\/15","targetHints":{"allow":["GET"]}}],"collection":[{"href":"https:\/\/daniel-behmenburg.de\/index.php?rest_route=\/wp\/v2\/posts"}],"about":[{"href":"https:\/\/daniel-behmenburg.de\/index.php?rest_route=\/wp\/v2\/types\/post"}],"author":[{"embeddable":true,"href":"https:\/\/daniel-behmenburg.de\/index.php?rest_route=\/wp\/v2\/users\/1"}],"replies":[{"embeddable":true,"href":"https:\/\/daniel-behmenburg.de\/index.php?rest_route=%2Fwp%2Fv2%2Fcomments&post=15"}],"version-history":[{"count":0,"href":"https:\/\/daniel-behmenburg.de\/index.php?rest_route=\/wp\/v2\/posts\/15\/revisions"}],"wp:attachment":[{"href":"https:\/\/daniel-behmenburg.de\/index.php?rest_route=%2Fwp%2Fv2%2Fmedia&parent=15"}],"wp:term":[{"taxonomy":"category","embeddable":true,"href":"https:\/\/daniel-behmenburg.de\/index.php?rest_route=%2Fwp%2Fv2%2Fcategories&post=15"},{"taxonomy":"post_tag","embeddable":true,"href":"https:\/\/daniel-behmenburg.de\/index.php?rest_route=%2Fwp%2Fv2%2Ftags&post=15"}],"curies":[{"name":"wp","href":"https:\/\/api.w.org\/{rel}","templated":true}]}}