{"id":1453,"date":"2021-04-21T17:00:00","date_gmt":"2021-04-21T17:00:00","guid":{"rendered":"http:\/\/daniel-behmenburg.de\/?p=1453"},"modified":"2021-04-20T16:48:01","modified_gmt":"2021-04-20T16:48:01","slug":"steter-tropfen-hoehlt-den-stein-charlottenhofstrasse-wird-instandgesetzt","status":"publish","type":"post","link":"https:\/\/daniel-behmenburg.de\/?p=1453","title":{"rendered":"Steter Tropfen h\u00f6hlt den Stein \u2013 Charlottenhofstra\u00dfe wird instandgesetzt"},"content":{"rendered":"\n<p><strong>Kettwiger Ratsherr Daniel Behmenburg begr\u00fc\u00dft Vorhaben, mahnt aber Fu\u00dfweg an.<\/strong><\/p>\n\n\n\n<p>Die Verwaltung hat angek\u00fcndigt, die Fahrbahn der Charlottenhofstra\u00dfe auf dem gesamten Essener Stadtgebiet noch in diesem Jahr zu erneuern. \u201eDas ist ein toller Erfolg der Anstrengungen der Anwohnerinnen und Anwohner und der Politik im Stadtbezirk IX. Und ein Beweis daf\u00fcr, dass es etwas bewegt, wenn Politik im Bezirk IX sich wie in der letzten Wahlperiode gemeinsam im Schulterschluss aller demokratischen Fraktionen und im Dialog mit den Menschen vor Ort f\u00fcr ein Ziel einsetzt\u201c, so der Kettwiger Ratsherr Daniel Behmenburg, der selber stellvertretendes Mitglied im zust\u00e4ndigen Ausschuss f\u00fcr Verkehr und Mobilit\u00e4t ist.<\/p>\n\n\n\n<p>\u201eDass dieser Strecke im letzten Jahr in der Presse bereits das \u201aGoldene Schlagloch\u201c verliehen wurde, hat die Situation noch einmal anschaulich verdeutlicht. Aus eigener Erfahrung, aber auch durch viele Gespr\u00e4che vor Ort, Zuschriften und Telefonate im letzten Jahr wurde mir dieses Problem noch einmal vor Augen gef\u00fchrt. Gerade in der dunklen und nassen Jahreszeit ist es hier gef\u00e4hrlich. Es ist gut, dass dieser Missstand bald der Vergangenheit angeh\u00f6rt\u201c, so Behmenburg im R\u00fcckblick auf die vielen Gespr\u00e4che mit Anwohnerinnen und Anwohnern.<\/p>\n\n\n\n<p>Eine kleiner Wehrmutstropfen bleibt f\u00fcr Behmenburg jedoch: \u201eAuf dem unteren St\u00fcck der Charlottenhofstra\u00dfe fehlt weiterhin der Fu\u00dfweg. Hier entstehen mehrere gef\u00e4hrliche Situationen. Fu\u00dfg\u00e4nger werden gezwungen auf dieser sehr uneinsichtigen Stelle auf der Stra\u00dfe zu laufen. Auch der neue Wanderweg Kettwiger Panoramasteig f\u00fchrt direkt hierhin. Dar\u00fcber hinaus gibt es f\u00fcr die Anwohner der Laupendahler Siedlung keine M\u00f6glichkeit, sicher zum S-Bahnhof Stausee zu kommen. Deshalb queren viele verbotswidrig die Gleise, um den Bahnsteig zu erreichen.\u00a0 Auch f\u00fcr diese w\u00e4re eine sichere Zuwegung eine gute Alternative. Es w\u00e4re deshalb zu \u00fcberlegen, ob man im Zuge der nun sowieso erfolgenden Bauma\u00dfnahme nicht wenigstens einen kleinen Weg f\u00fcr den \u201aFu\u00dfverkehr\u2018 anlegt.\u201c<\/p>\n\n\n\n<div class=\"wp-block-file\"><a href=\"http:\/\/daniel-behmenburg.de\/wp-content\/uploads\/2021\/04\/Vorlage_0626-2021-6.pdf\">Vorlage 0626\/2021\/6 &#8211; Erneuerung von Hauptverkehrsstra\u00dfen<\/a><a href=\"http:\/\/daniel-behmenburg.de\/wp-content\/uploads\/2021\/04\/Vorlage_0626-2021-6.pdf\" class=\"wp-block-file__button\" download>Herunterladen<\/a><\/div>\n","protected":false},"excerpt":{"rendered":"<p>Kettwiger Ratsherr Daniel Behmenburg begr\u00fc\u00dft Vorhaben, mahnt aber Fu\u00dfweg an. Die Verwaltung hat angek\u00fcndigt, die Fahrbahn der Charlottenhofstra\u00dfe auf dem gesamten Essener Stadtgebiet noch in diesem Jahr zu erneuern. \u201eDas ist ein toller Erfolg der Anstrengungen der Anwohnerinnen und Anwohner und der Politik im Stadtbezirk IX. Und ein Beweis daf\u00fcr, [&hellip;]<\/p>\n","protected":false},"author":1,"featured_media":1454,"comment_status":"closed","ping_status":"open","sticky":false,"template":"","format":"standard","meta":{"footnotes":""},"categories":[6],"tags":[230,231,232,152],"class_list":["post-1453","post","type-post","status-publish","format-standard","has-post-thumbnail","hentry","category-kettwig","tag-charlottenhofstrasse","tag-fussweg","tag-schlagloecher","tag-verkehr"],"_links":{"self":[{"href":"https:\/\/daniel-behmenburg.de\/index.php?rest_route=\/wp\/v2\/posts\/1453","targetHints":{"allow":["GET"]}}],"collection":[{"href":"https:\/\/daniel-behmenburg.de\/index.php?rest_route=\/wp\/v2\/posts"}],"about":[{"href":"https:\/\/daniel-behmenburg.de\/index.php?rest_route=\/wp\/v2\/types\/post"}],"author":[{"embeddable":true,"href":"https:\/\/daniel-behmenburg.de\/index.php?rest_route=\/wp\/v2\/users\/1"}],"replies":[{"embeddable":true,"href":"https:\/\/daniel-behmenburg.de\/index.php?rest_route=%2Fwp%2Fv2%2Fcomments&post=1453"}],"version-history":[{"count":2,"href":"https:\/\/daniel-behmenburg.de\/index.php?rest_route=\/wp\/v2\/posts\/1453\/revisions"}],"predecessor-version":[{"id":1459,"href":"https:\/\/daniel-behmenburg.de\/index.php?rest_route=\/wp\/v2\/posts\/1453\/revisions\/1459"}],"wp:featuredmedia":[{"embeddable":true,"href":"https:\/\/daniel-behmenburg.de\/index.php?rest_route=\/wp\/v2\/media\/1454"}],"wp:attachment":[{"href":"https:\/\/daniel-behmenburg.de\/index.php?rest_route=%2Fwp%2Fv2%2Fmedia&parent=1453"}],"wp:term":[{"taxonomy":"category","embeddable":true,"href":"https:\/\/daniel-behmenburg.de\/index.php?rest_route=%2Fwp%2Fv2%2Fcategories&post=1453"},{"taxonomy":"post_tag","embeddable":true,"href":"https:\/\/daniel-behmenburg.de\/index.php?rest_route=%2Fwp%2Fv2%2Ftags&post=1453"}],"curies":[{"name":"wp","href":"https:\/\/api.w.org\/{rel}","templated":true}]}}