{"id":1421,"date":"2021-03-22T10:25:40","date_gmt":"2021-03-22T10:25:40","guid":{"rendered":"http:\/\/daniel-behmenburg.de\/?p=1421"},"modified":"2021-03-22T10:37:49","modified_gmt":"2021-03-22T10:37:49","slug":"rede-anlaesslich-der-demonstration-und-kundgebung-in-ickten","status":"publish","type":"post","link":"https:\/\/daniel-behmenburg.de\/?p=1421","title":{"rendered":"Rede zur Kundgebung in Ickten"},"content":{"rendered":"\n<figure class=\"wp-block-image size-large\"><img loading=\"lazy\" decoding=\"async\" width=\"1024\" height=\"684\" src=\"http:\/\/daniel-behmenburg.de\/wp-content\/uploads\/2021\/03\/DSC_3762-1024x684.jpg\" alt=\"\" class=\"wp-image-1416\" srcset=\"https:\/\/daniel-behmenburg.de\/wp-content\/uploads\/2021\/03\/DSC_3762-1024x684.jpg 1024w, https:\/\/daniel-behmenburg.de\/wp-content\/uploads\/2021\/03\/DSC_3762-300x200.jpg 300w, https:\/\/daniel-behmenburg.de\/wp-content\/uploads\/2021\/03\/DSC_3762-768x513.jpg 768w, https:\/\/daniel-behmenburg.de\/wp-content\/uploads\/2021\/03\/DSC_3762-1536x1025.jpg 1536w, https:\/\/daniel-behmenburg.de\/wp-content\/uploads\/2021\/03\/DSC_3762-2048x1367.jpg 2048w, https:\/\/daniel-behmenburg.de\/wp-content\/uploads\/2021\/03\/DSC_3762-360x240.jpg 360w\" sizes=\"auto, (max-width: 1024px) 100vw, 1024px\" \/><\/figure>\n\n\n\n<p>Liebe Mitstreiterinnen und Mitstreiter,<\/p>\n\n\n\n<p>ist es Euch aufgefallen? Jahrelang wurde versucht uns weiszumachen, dieses Gel\u00e4nde sei ein bereits befestigtes und versiegeltes Grundst\u00fcck, das nicht sonderlich sch\u00fctzenswert und zur Bebauung geeignet sei. Heute wird uns nun mit dem Argument des gef\u00e4hrlichen und zugewucherten Areals der Zugang zu eben selbigem verweigert. Mehr noch: Die Haftung der Stadt bei Betreten wird ausdr\u00fccklich ausgeschlossen. Muss man sich einmal in Ruhe auf der Zunge zergehen lassen.<\/p>\n\n\n\n<p>Die Corona-Pandemie stellt alle Bereiche auf eine harte Bew\u00e4hrungsprobe \u2013 auch unsere Demokratie. Aber das hei\u00dft doch, dass ich mit den Grundrechten gerade in dieser Zeit sehr sorgsam umgehen muss. Demonstrationen wie diese hier und auch letzte Woche am B\u00f6gelsknappen sind f\u00fcr Organisatoren eh schon eine Mammutaufgabe. Da sind zus\u00e4tzliche beh\u00f6rdliche Steine auf dem Weg mehr als unangebracht.<\/p>\n\n\n\n<p>Ich will hier nicht alles bereits Gesagte wiederholen. Und was die Historie der Diskussion um das Icktener Bachtal angeht, ist der harte Kern der Interessengemeinschaft hier auch der weitaus kompetentere Ansprechpartner.<\/p>\n\n\n\n<p>Ich m\u00f6chte aber ein paar pers\u00f6nliche Empfindungen darlegen: F\u00fcr mich war dieses Gebiet hier von Anfang der Debatte an ein sch\u00fctzenwertes Gel\u00e4nde.<\/p>\n\n\n\n<p>Einerseits aus dem Umstand heraus, dass ich schon immer sehr naturverbunden war, aber auch weil Kettwig und seine W\u00e4lder mir eine sehr sch\u00f6ne, nat\u00fcrliche und erlebnisreiche Kindheit und Jugend beschert haben. Und dieses Erlebnis m\u00f6chte ich gerne f\u00fcr nachfolgende Generationen gesichert wissen. Denn wir alle wissen: Natur, die einmal zerst\u00f6rt wird, wird selten zur\u00fcckgeholt. Und wenn doch, dann als umz\u00e4untes Naturschutzgebiet und nicht als Bereicherung f\u00fcr das Leben und den Alltag Vieler.<\/p>\n\n\n\n<p>Politisch wurde das Thema \u201eIckten\u201c f\u00fcr mich in der Folge eine schmerzliche Erfahrung. Auch in meiner Ratsfraktion, der ich seinerzeit nur beratend angeh\u00f6rte. Eigentlich sprach meines Erachtens alles daf\u00fcr, hier die Z\u00e4une einzurei\u00dfen und die Natur ihr Werk vollenden zu lassen. Es wurde dann aber eine intensive, in Teilen emotionale und harte Debatte, in der verschiedene Weltsichten aufeinanderprallten und wo es auch nicht immer nur um die Sache ging. Am Ende des Tages war es bei der finalen Abstimmung eine knappe Niederlage, aber eine Niederlage. An dem Tag wurde mir aber auch deutlich, dass eine starke Stimme hier aus dem Essener S\u00fcden Teil der neuen SPD-Ratsfraktion werden muss. Und ich verrate kein Geheimnis, dass ich mich hier in der Pflicht sah. Ich bin froh, dass ich in der neuen Ratsfraktion viele gleichgesinnte Kolleginnen und Kollegen habe, die auch die eine oder andere Entscheidung der letzten Jahre einem kritischen R\u00fcckblick unterziehen.<\/p>\n\n\n\n<p>Damit werden Entscheidungen der letzten Jahre nicht zur\u00fcckgenommen. Aber es geht hier ja auch um mehr. Es geht um mehr als um das St\u00fcck Landschaft, das vor uns liegt.<\/p>\n\n\n\n<p>Es geht darum, dass wir aus einzelnen Verb\u00fcndeten, die sich Gedanken um das Morgen machen, eine gesamtgesellschaftliche Bewegung machen m\u00fcssen. Und dabei ist das Thema \u201eIckten\u201c, aber auch der \u201eB\u00f6gelsknappen\u201c, ein ganz wichtiges Symbol und auch eine Mahnung. Und das geht alles nicht von heute auf morgen. Aber wir m\u00fcssen heute anfangen, damit wir morgen ernten k\u00f6nnen. Auch deshalb stehen wir heute hier.<\/p>\n\n\n\n<p>Umweltschutz und Naturschutz ist eben nicht das Hobby einiger Weniger, die es sich leisten k\u00f6nnen. Gerade die Lockdownzeit im letzten Fr\u00fchjahr hat uns doch gezeigt, dass es hier um Naherholung vor der eigenen Haust\u00fcr und um Lebensqualit\u00e4t geht. Es war doch eine pr\u00e4gende Erfahrung, sich in der Coronazeit nicht in den Flieger setzen zu k\u00f6nnen, um dort in der Ferne die Natur zu erleben, die bei uns zuhause keinen Raum mehr hat. Das hat doch die Begriffe \u201eHeimat\u201c und \u201eIdentit\u00e4t unserer Quartiere\u201c mit einer neuen Wichtigkeit erf\u00fcllt.<\/p>\n\n\n\n<p>Was m\u00fcssen wir tun? Woran scheitern so viele Ideen? Es liegt doch nicht nur daran, dass Politik zu mutlos und Verwaltung zu langsam ist. Das w\u00e4re etwas kurz gedacht. Wobei beides nat\u00fcrlich auch Teil des Problems ist. Die weitergehende Antwort ist meines Erachtens sehr simpel: Weil wir es verlernt haben, als Gesellschaft geeint in die Zukunft zu schauen und zu gehen. Stattdessen prallen die Meinungen aufeinander. Teilweise in einer extremen Auspr\u00e4gung und mit einer Wortwahl, dass ich nur noch den Kopf sch\u00fctteln kann.<\/p>\n\n\n\n<p>Ich glaube, die Menschen sind vielfach auch bereit zu Ver\u00e4nderungen. Sie haben nur genug von Sonntagsreden. Sie wollen zum Beispiel nicht nur h\u00f6ren, dass man vom Auto auf einen guten Nahverkehr umsteigen k\u00f6nnte. Sie wollen diesen guten Nahverkehr jetzt vor der T\u00fcr haben, um heute auf das zweite oder dritte Auto zu verzichten.<\/p>\n\n\n\n<p>Warum versuchen wir nicht einmal, die verschiedenen Interessen zusammenzubringen? Das bedarf nat\u00fcrlich einer Tugend: Zuh\u00f6ren, sich auf den anderen einlassen und sich in das Gegen\u00fcber, in seine Sorgen und \u00c4ngste aber auch Hoffnungen und Tr\u00e4ume, hineinzuversetzen. Und aus diesen Hoffnungen und Tr\u00e4umen m\u00fcssen wir Wirklichkeit werden lassen. Gemeinsam. Mit dem Ziel einer Gesellschaft, mit der sich jeder identifizieren kann.<\/p>\n\n\n\n<p>Und warum denken wir nicht mal verr\u00fcckt, um die Interessen nicht gegeneinander auszuspielen? Ich will doch niemandem seine Autofahrt nehmen. Aber warum erlasse ich einem Investor nicht einfach zehn Parkpl\u00e4tze, die er schaffen m\u00fcsste, wenn er daf\u00fcr drei Car-Sharing-Pl\u00e4tze vor dem Neubau betreibt? Warum erlasse ich dem Investor nicht die Nachpflanzung von drei B\u00e4umen, wenn er daf\u00fcr drei Lastenr\u00e4der f\u00fcr die Nachbarschaft zur Verf\u00fcgung stellt?<\/p>\n\n\n\n<p>Wenn ich nicht die gr\u00fcne Wiese oder wie hier das Icktener Bachtal versiegeln m\u00f6chte und Wohnen zeitgleich bezahlbar sein soll: Warum erlasse ich nicht eine feste Quote f\u00fcr \u00f6ffentlich gef\u00f6rderten Wohnraum bei Neubau und Sanierungen?<\/p>\n\n\n\n<p>Und warum habe ich nicht den Mut, diese Quoten in den teuren Stadtquartieren h\u00f6her zu machen? Warum verbiete ich es nicht, dass ein einzelner Discounter in die Landschaft platziert wird? Warum erlasse ich nicht die Pflicht, dort mindestens zwei Etagen Mehrgenerationenwohnungen noch oben drauf zu packen? Wenn doch jedermann heute ein Flachdach m\u00f6chte, warum mache ich das nicht zur Gelegenheit? Warum verpflichte ich nicht dazu, diese neue \u201eFreifl\u00e4che\u201c zu begr\u00fcnen oder mit Photovoltaik zu versehen?<\/p>\n\n\n\n<p>Ich m\u00f6chte enden mit denselben Worten, die ich in \u00e4hnlicher Weise bereits letzte Woche am B\u00f6gelsknappen gew\u00e4hlt habe und die auch hier Ihre G\u00fcltigkeit besitzen.<\/p>\n\n\n\n<p>Ich m\u00f6chte der engagierten Interessengemeinschaft Danke sagen \u2013 f\u00fcr den Einsatz, die Zeit und das Herzblut in diesem Kampf f\u00fcr unsere Natur. Ihr habt mit dem bisher Geleisteten ein wichtiges Werk getan. Gemeinsam mit vielen anderen Initiativen stadtweit macht Ihr deutlich, dass die Sch\u00f6pfung uns eben nicht anvertraut wurde, um sie maximalem Gewinnstreben preiszugeben, sondern um sie zu bewahren und zu besch\u00fctzen. K\u00e4mpfen wir in diesem Sinne weiter und h\u00f6ren nicht auf, uns f\u00fcr eine bessere und nachhaltige Zukunft einzusetzen, in der wir und die nachfolgenden Generationen alle gerne leben.<\/p>\n\n\n\n<p>Und ein Zusatz, ich sprach es bereits letzten Sonntag an: Den Anwohnern wird oft vorgeworfen, es gehe ihnen nur darum, dass nicht vor der eigenen Haust\u00fcr gebaut wird. Ja, mag sein. Wer aber so argumentiert, hat das Thema nicht verstanden. Es geht hier darum, Heimat zu bewahren. Und das ist ein legitimes Ziel.<\/p>\n\n\n\n<p>Ein pers\u00f6nlicher Satz noch. Wenn man der ganzen Sache hier ein gutes abgewinnen m\u00f6chte, dann ist es f\u00fcr mich das: Ich bin froh und dankbar, in den letzten Jahren hier so viele engagierte Menschen kennenlernen zu d\u00fcrfen. Und aus diesen Begegnungen sind nicht nur Bekanntschaften, sondern vielfach auch Freundschaften geworden. Eine Bereicherung in meinem Leben.<\/p>\n\n\n\n<p>Bleiben wir streitbar, bleiben wir engagiert und setzen uns weiterhin f\u00fcr ein liebens- und lebenswertes Umfeld ein. Hier und anderswo.<\/p>\n\n\n\n<p>Ich danke Ihnen und Euch f\u00fcr den Einsatz.<\/p>\n","protected":false},"excerpt":{"rendered":"<p>Liebe Mitstreiterinnen und Mitstreiter, ist es Euch aufgefallen? Jahrelang wurde versucht uns weiszumachen, dieses Gel\u00e4nde sei ein bereits befestigtes und versiegeltes Grundst\u00fcck, das nicht sonderlich sch\u00fctzenswert und zur Bebauung geeignet sei. Heute wird uns nun mit dem Argument des gef\u00e4hrlichen und zugewucherten Areals der Zugang zu eben selbigem verweigert. Mehr [&hellip;]<\/p>\n","protected":false},"author":1,"featured_media":1420,"comment_status":"open","ping_status":"open","sticky":false,"template":"","format":"standard","meta":{"footnotes":""},"categories":[6],"tags":[214,135,216,217,213,218,215],"class_list":["post-1421","post","type-post","status-publish","format-standard","has-post-thumbnail","hentry","category-kettwig","tag-bebauung","tag-bezahlbarer-wohnraum","tag-freiflaechen","tag-gruenflaechen","tag-ickten","tag-klima","tag-wohnraum"],"_links":{"self":[{"href":"https:\/\/daniel-behmenburg.de\/index.php?rest_route=\/wp\/v2\/posts\/1421","targetHints":{"allow":["GET"]}}],"collection":[{"href":"https:\/\/daniel-behmenburg.de\/index.php?rest_route=\/wp\/v2\/posts"}],"about":[{"href":"https:\/\/daniel-behmenburg.de\/index.php?rest_route=\/wp\/v2\/types\/post"}],"author":[{"embeddable":true,"href":"https:\/\/daniel-behmenburg.de\/index.php?rest_route=\/wp\/v2\/users\/1"}],"replies":[{"embeddable":true,"href":"https:\/\/daniel-behmenburg.de\/index.php?rest_route=%2Fwp%2Fv2%2Fcomments&post=1421"}],"version-history":[{"count":2,"href":"https:\/\/daniel-behmenburg.de\/index.php?rest_route=\/wp\/v2\/posts\/1421\/revisions"}],"predecessor-version":[{"id":1423,"href":"https:\/\/daniel-behmenburg.de\/index.php?rest_route=\/wp\/v2\/posts\/1421\/revisions\/1423"}],"wp:featuredmedia":[{"embeddable":true,"href":"https:\/\/daniel-behmenburg.de\/index.php?rest_route=\/wp\/v2\/media\/1420"}],"wp:attachment":[{"href":"https:\/\/daniel-behmenburg.de\/index.php?rest_route=%2Fwp%2Fv2%2Fmedia&parent=1421"}],"wp:term":[{"taxonomy":"category","embeddable":true,"href":"https:\/\/daniel-behmenburg.de\/index.php?rest_route=%2Fwp%2Fv2%2Fcategories&post=1421"},{"taxonomy":"post_tag","embeddable":true,"href":"https:\/\/daniel-behmenburg.de\/index.php?rest_route=%2Fwp%2Fv2%2Ftags&post=1421"}],"curies":[{"name":"wp","href":"https:\/\/api.w.org\/{rel}","templated":true}]}}