{"id":1409,"date":"2021-03-14T17:21:01","date_gmt":"2021-03-14T17:21:01","guid":{"rendered":"http:\/\/daniel-behmenburg.de\/?p=1409"},"modified":"2021-03-14T19:37:53","modified_gmt":"2021-03-14T19:37:53","slug":"rede-zur-kundgebung-an-der-villa-ruhnau","status":"publish","type":"post","link":"https:\/\/daniel-behmenburg.de\/?p=1409","title":{"rendered":"Rede zur Kundgebung an der Villa Ruhnau"},"content":{"rendered":"\n<figure class=\"wp-block-image size-large\"><img loading=\"lazy\" decoding=\"async\" width=\"1024\" height=\"683\" src=\"http:\/\/daniel-behmenburg.de\/wp-content\/uploads\/2020\/10\/Villa-Ruhnau-1024x683.jpg\" alt=\"\" class=\"wp-image-1256\" srcset=\"https:\/\/daniel-behmenburg.de\/wp-content\/uploads\/2020\/10\/Villa-Ruhnau-1024x683.jpg 1024w, https:\/\/daniel-behmenburg.de\/wp-content\/uploads\/2020\/10\/Villa-Ruhnau-300x200.jpg 300w, https:\/\/daniel-behmenburg.de\/wp-content\/uploads\/2020\/10\/Villa-Ruhnau-768x512.jpg 768w, https:\/\/daniel-behmenburg.de\/wp-content\/uploads\/2020\/10\/Villa-Ruhnau-1536x1024.jpg 1536w, https:\/\/daniel-behmenburg.de\/wp-content\/uploads\/2020\/10\/Villa-Ruhnau-2048x1365.jpg 2048w, https:\/\/daniel-behmenburg.de\/wp-content\/uploads\/2020\/10\/Villa-Ruhnau-360x240.jpg 360w\" sizes=\"auto, (max-width: 1024px) 100vw, 1024px\" \/><\/figure>\n\n\n\n<p>Liebe Mitstreiterinnen und Mitstreiter,<\/p>\n\n\n\n<p>ich habe lange dar\u00fcber nachgedacht, was man zu so einem Anlass sagt. Was man sagen kann, was nicht in den letzten zwei Jahren schon gesagt wurde? Was kann man sagen, was meine Vorrednerinnen und Vorredner nicht bereits gesagt haben? Und vor allem: Wie bekomme ich es hin, dass es nicht wie eine Trauerrede klingt?<\/p>\n\n\n\n<p>Ich m\u00f6chte mit einer Sache beginnen, die ich nie so richtig verstanden habe. Es sind ein paar S\u00e4tze, die ich in den letzten Monaten im Hinblick auf die aktive Nachbarschaft hier immer wieder geh\u00f6rt habe. \u201eDie wollen ja nur weiter g\u00fcnstig da wohnen.\u201c \u201eDie wollen sich nicht den Blick aufs Gr\u00fcne verbauen lassen.\u201c \u201eDie haben ja nur Angst um ihre Parkpl\u00e4tze vor der T\u00fcr.\u201c Und wie so h\u00e4ufig bei stetigen Wiederholungen denkt man \u00fcber den Vorwurf an sich gar nicht mehr nach. Aber irgendwann habe ich mir gedacht \u201eJa und?\u201c. Sind das nicht auch legitime Beweggr\u00fcnde? Sind das nicht auch Ziele, f\u00fcr die es sich zu streiten lohnt? Darf man seine Heimat, wie man sie kennt, nicht auch bewahren wollen?<\/p>\n\n\n\n<p>Meine klare Antwort: das darf man. Und das ist auch wichtig. Bewahren hei\u00dft nicht automatisch gegen Fortschritt zu sein. Es hei\u00dft vielmehr sich dar\u00fcber Gedanken zu machen, wie man offen f\u00fcr die Zukunft sein kann, ohne den Blick auf die Vergangenheit auszublenden. Und es hei\u00dft auch sich dar\u00fcber Gedanken zu machen, wie wir anst\u00e4ndig mit dieser Welt umgehen.<\/p>\n\n\n\n<p>Und es ist meines Erachtens eine der wichtigsten Aufgaben von Politik, die Sorgen und \u00c4ngste der Menschen ernst zu nehmen, aufzunehmen und sie mit zu nehmen, um gemeinsam zu Antworten zu kommen.<\/p>\n\n\n\n<p>Es wird durchaus kontrovers diskutiert, wie weit B\u00fcrgerbeteiligung gehen darf. Ich finde, das ist eine sehr theoretische Diskussion, die von der Realit\u00e4t l\u00e4ngst eingeholt wurde. Die Menschen wollen nicht l\u00e4nger nur Betroffene, sondern Beteiligte sein. Sie wollen keine Placebos, sie wollen echte und ernsthafte Mitsprache. Und daf\u00fcr hei\u00dft es moderne Formen des Austauschs auf Augenh\u00f6he zu finden. Das ist eine der wichtigen Zukunftsaufgaben unserer Gesellschaft.<\/p>\n\n\n\n<p>Aber es ging ja hier auch um mehr. Es ging auch darum, den Finger in eine Wunde unserer Zeit zu legen. In die Wunde einer Baupolitik, die das Maximum herauspressen will. Es geht um den Schutz der Identit\u00e4t von den Quartieren in unseren Stadtteilen.<\/p>\n\n\n\n<p>Und es geht um die anderen Faktoren, die man erst einmal angehen muss, bevor man Quartiere weiter verdichtet. Wohin mit dem Verkehr? Wohin mit den Autos? Wo ist ein attraktiver Nahverkehr vor der Haust\u00fcr? Wo ist der n\u00e4chste freie Kitaplatz? In welche Schule gehen die Kinder, die zuk\u00fcnftig dort wohnen?<\/p>\n\n\n\n<p>Und ja, am Ende des Tages geht es auch um die Frage von bezahlbarem Wohnraum. Wohin soll sich unser Dorf entwickeln? Soll es weiterhin Heimat f\u00fcr jeden sein oder nur noch f\u00fcr die diejenigen, die ihren Geldbeutel entsprechend weit \u00f6ffnen k\u00f6nnen? Mich pers\u00f6nlich belastet es sehr, wenn ich mit Menschen rede, die ihr Leben lang hier leben, aber Sorge haben, ob sie sich die Wohnung f\u00fcr sich und ihre Familie zuk\u00fcnftig noch leisten k\u00f6nnen. Mich belastet es, wenn Familien sich hier mit einem Eigenheim sesshaft machen wollen, aber die Preise einfach fernab von Gut und B\u00f6se sind.<\/p>\n\n\n\n<p>Es ist gut, dass diese Fragen anhand von konkreten und greifbaren Diskussionen wie hier, aber auch zum Beispiel in Ickten, aufgriffen und ins Bewusstsein ger\u00fcckt werden. Und diese Diskussion ist bei weitem noch nicht beendet, sie beginnt gerade erst. Und wir d\u00fcrfen nicht aufh\u00f6ren, f\u00fcr das Wohl unserer Stadtteile zu streiten.<\/p>\n\n\n\n<p>Heute an diesem Tag m\u00f6chte ich aber auch dem engagierten Nachbarschaftskreis Danke sagen \u2013 f\u00fcr den Einsatz, die Zeit und das Herzblut in diesem Kampf von David gegen Goliath. Sie haben ein wichtiges Werk getan. Gemeinsam mit vielen anderen Initiativen stadtweit haben sie Begriffe, wie \u201eIdentit\u00e4t eines Stadtteils\u201c, \u201eHeimat\u201c, \u201eNatur bewahren\u201c und \u201eStadtentwicklung im Interesse der Menschen\u201c in das \u00f6ffentliche Bewusstsein ger\u00fcckt und haben dabei eine bewundernswerte Professionalit\u00e4t und auch eine gro\u00dfe Ausdauer an den Tag gelegt. Es zeichnet Sie aus, dass Sie immer durch Sachlichkeit und Detailtreue in der Argumentation der Ignoranz begegnet sind, die Ihnen so mannigfach entgegengebracht wurde.<\/p>\n\n\n\n<p>Ich wei\u00df nicht, was noch kommt. Aber Sie d\u00fcrfen mich auch weiterhin vertrauensvoll an Ihrer Seite wissen.<\/p>\n\n\n\n<p>Bleiben Sie streitbar, bleiben Sie engagiert und setzen Sie sich weiterhin f\u00fcr ein liebens- und lebenswertes Umfeld ein. Hier und anderswo.<\/p>\n\n\n\n<p>Ich danke Ihnen.<\/p>\n","protected":false},"excerpt":{"rendered":"<p>Liebe Mitstreiterinnen und Mitstreiter, ich habe lange dar\u00fcber nachgedacht, was man zu so einem Anlass sagt. Was man sagen kann, was nicht in den letzten zwei Jahren schon gesagt wurde? Was kann man sagen, was meine Vorrednerinnen und Vorredner nicht bereits gesagt haben? Und vor allem: Wie bekomme ich es [&hellip;]<\/p>\n","protected":false},"author":1,"featured_media":1256,"comment_status":"open","ping_status":"open","sticky":false,"template":"","format":"standard","meta":{"footnotes":""},"categories":[6],"tags":[212,49,211,158,73],"class_list":["post-1409","post","type-post","status-publish","format-standard","has-post-thumbnail","hentry","category-kettwig","tag-am-boegelsknappen","tag-boegelsknappen","tag-gentrifizierung","tag-stadtentwicklung","tag-villa-ruhnau"],"_links":{"self":[{"href":"https:\/\/daniel-behmenburg.de\/index.php?rest_route=\/wp\/v2\/posts\/1409","targetHints":{"allow":["GET"]}}],"collection":[{"href":"https:\/\/daniel-behmenburg.de\/index.php?rest_route=\/wp\/v2\/posts"}],"about":[{"href":"https:\/\/daniel-behmenburg.de\/index.php?rest_route=\/wp\/v2\/types\/post"}],"author":[{"embeddable":true,"href":"https:\/\/daniel-behmenburg.de\/index.php?rest_route=\/wp\/v2\/users\/1"}],"replies":[{"embeddable":true,"href":"https:\/\/daniel-behmenburg.de\/index.php?rest_route=%2Fwp%2Fv2%2Fcomments&post=1409"}],"version-history":[{"count":3,"href":"https:\/\/daniel-behmenburg.de\/index.php?rest_route=\/wp\/v2\/posts\/1409\/revisions"}],"predecessor-version":[{"id":1412,"href":"https:\/\/daniel-behmenburg.de\/index.php?rest_route=\/wp\/v2\/posts\/1409\/revisions\/1412"}],"wp:featuredmedia":[{"embeddable":true,"href":"https:\/\/daniel-behmenburg.de\/index.php?rest_route=\/wp\/v2\/media\/1256"}],"wp:attachment":[{"href":"https:\/\/daniel-behmenburg.de\/index.php?rest_route=%2Fwp%2Fv2%2Fmedia&parent=1409"}],"wp:term":[{"taxonomy":"category","embeddable":true,"href":"https:\/\/daniel-behmenburg.de\/index.php?rest_route=%2Fwp%2Fv2%2Fcategories&post=1409"},{"taxonomy":"post_tag","embeddable":true,"href":"https:\/\/daniel-behmenburg.de\/index.php?rest_route=%2Fwp%2Fv2%2Ftags&post=1409"}],"curies":[{"name":"wp","href":"https:\/\/api.w.org\/{rel}","templated":true}]}}