{"id":1402,"date":"2021-03-08T10:19:07","date_gmt":"2021-03-08T10:19:07","guid":{"rendered":"http:\/\/daniel-behmenburg.de\/?p=1402"},"modified":"2021-03-08T13:34:44","modified_gmt":"2021-03-08T13:34:44","slug":"oeffnung-der-sportanlagen-ist-ein-guter-erster-schritt","status":"publish","type":"post","link":"https:\/\/daniel-behmenburg.de\/?p=1402","title":{"rendered":"\u00d6ffnung der Sportanlagen ist ein guter erster Schritt"},"content":{"rendered":"\n<p><strong>EVN-Nehmer st\u00e4rker unterst\u00fctzen |\u00a0Vereinssport braucht eine Perspektive<\/strong><\/p>\n\n\n\n<figure class=\"wp-block-image size-large\"><img loading=\"lazy\" decoding=\"async\" width=\"1024\" height=\"683\" src=\"http:\/\/daniel-behmenburg.de\/wp-content\/uploads\/2021\/03\/Sportanlage-Kettwig-2-1024x683.jpg\" alt=\"\" class=\"wp-image-1404\" srcset=\"https:\/\/daniel-behmenburg.de\/wp-content\/uploads\/2021\/03\/Sportanlage-Kettwig-2-1024x683.jpg 1024w, https:\/\/daniel-behmenburg.de\/wp-content\/uploads\/2021\/03\/Sportanlage-Kettwig-2-300x200.jpg 300w, https:\/\/daniel-behmenburg.de\/wp-content\/uploads\/2021\/03\/Sportanlage-Kettwig-2-768x512.jpg 768w, https:\/\/daniel-behmenburg.de\/wp-content\/uploads\/2021\/03\/Sportanlage-Kettwig-2-1536x1024.jpg 1536w, https:\/\/daniel-behmenburg.de\/wp-content\/uploads\/2021\/03\/Sportanlage-Kettwig-2-2048x1365.jpg 2048w, https:\/\/daniel-behmenburg.de\/wp-content\/uploads\/2021\/03\/Sportanlage-Kettwig-2-360x240.jpg 360w\" sizes=\"auto, (max-width: 1024px) 100vw, 1024px\" \/><\/figure>\n\n\n\n<p>Die SPD-Fraktion begr\u00fc\u00dft, dass die Sportanlagen im Essener Stadtgebiet f\u00fcr den Individualsport wieder ge\u00f6ffnet werden.<\/p>\n\n\n\n<p>Dazu Daniel Behmenburg, sportpolitischer Sprecher der SPD-Ratsfraktion: \u201eDas ist ein erster Schritt in die richtige Richtung. Der ohnehin bestehende Mangel an sportlicher Bet\u00e4tigung wird durch die Homeoffice-Zeit noch verst\u00e4rkt. Das wird auch gesundheitliche Folgen haben. Es ist gut, dass den Menschen in unserer Stadt zu Beginn der w\u00e4rmeren Jahreszeit nun eine M\u00f6glichkeit geboten wird, sich sportlich zu bet\u00e4tigen. Wir m\u00fcssen aber parallel dringend damit beginnen, Perspektiven f\u00fcr den Vereinssport zu entwickeln. Da gilt es, auf den Erfahrungen der Aktiven vor Ort aus dem letzten Fr\u00fchjahr aufzubauen, um im Falle weiterer Lockerungen vorbereitet zu sein. Vor Ort wurden gute Hygienekonzepte f\u00fcr den Vereinssport entwickelt. Diese m\u00fcssen nun zusammengetragen werden. Wir werden hierzu den Kontakt mit den Vereinen in unseren Stadtteilen suchen.\u201c<\/p>\n\n\n\n<p>\u201eVerst\u00e4rkte Unterst\u00fctzung brauchen die Vereine, die dankenswerterweise ihre Sportanlagen in eigenverantwortlicher Nutzung betreiben. Diese entscheiden nach den aktuellen \u00dcberlegungen eigenst\u00e4ndig \u00fcber die \u00d6ffnung ihrer Anlagen und sind f\u00fcr die Einhaltung der Corona-Regeln selbst verantwortlich und haftbar. Das k\u00f6nnen die Ehrenamtler vor Ort nicht stemmen und diese herausgehobene Belastung kann auch nicht mit dem kleinen st\u00e4dtischen Zuschuss gedeckt werden. Zumal sie die Sportanlagen auch nur zum Wohle der Allgemeinheit \u00f6ffnen, da der Vereinssport weiterhin nicht erlaubt ist. Hier muss zumindest das Angebot von Aufsichts- und Sicherheitspersonal wie bei den st\u00e4dtischen Anlagen auch diesen Vereinen gemacht werden\u201c, erg\u00e4nzt Gerd Hampel, stellvertretender sportpolitischer Sprecher der SPD im Rat.<\/p>\n\n\n\n<p>\u201eWir d\u00fcrfen aber bei allen Diskussionen um Sportanlagen nicht die Schwimmvereine aus dem Blick verlieren. Es gab auch ohne Corona bereits eine erschreckend hohe Zahl an Kindern, die nicht schwimmen k\u00f6nnen. Wenn wir nun nicht eine Generation von Nichtschwimmern heranziehen wollen, muss auch f\u00fcr den Schwimmsport eine Perspektive gefunden werden. Hierzu werden kurzfristig das Gespr\u00e4ch mit den Akteuren aus den Vereinen und der Verwaltung suchen\u201c, so Daniel Behmenburg abschlie\u00dfend.<\/p>\n\n\n\n<div class=\"wp-block-file\"><a href=\"http:\/\/daniel-behmenburg.de\/wp-content\/uploads\/2021\/03\/2021_03_08_SPD-Fraktion_Sportanlagen.pdf\">2021_03_08_SPD-Fraktion_Sportanlagen<\/a><a href=\"http:\/\/daniel-behmenburg.de\/wp-content\/uploads\/2021\/03\/2021_03_08_SPD-Fraktion_Sportanlagen.pdf\" class=\"wp-block-file__button\" download>Herunterladen<\/a><\/div>\n\n\n\n<p><\/p>\n","protected":false},"excerpt":{"rendered":"<p>EVN-Nehmer st\u00e4rker unterst\u00fctzen |\u00a0Vereinssport braucht eine Perspektive Die SPD-Fraktion begr\u00fc\u00dft, dass die Sportanlagen im Essener Stadtgebiet f\u00fcr den Individualsport wieder ge\u00f6ffnet werden. Dazu Daniel Behmenburg, sportpolitischer Sprecher der SPD-Ratsfraktion: \u201eDas ist ein erster Schritt in die richtige Richtung. Der ohnehin bestehende Mangel an sportlicher Bet\u00e4tigung wird durch die Homeoffice-Zeit noch [&hellip;]<\/p>\n","protected":false},"author":1,"featured_media":1404,"comment_status":"open","ping_status":"open","sticky":false,"template":"","format":"standard","meta":{"footnotes":""},"categories":[35],"tags":[],"class_list":["post-1402","post","type-post","status-publish","format-standard","has-post-thumbnail","hentry","category-sport"],"_links":{"self":[{"href":"https:\/\/daniel-behmenburg.de\/index.php?rest_route=\/wp\/v2\/posts\/1402","targetHints":{"allow":["GET"]}}],"collection":[{"href":"https:\/\/daniel-behmenburg.de\/index.php?rest_route=\/wp\/v2\/posts"}],"about":[{"href":"https:\/\/daniel-behmenburg.de\/index.php?rest_route=\/wp\/v2\/types\/post"}],"author":[{"embeddable":true,"href":"https:\/\/daniel-behmenburg.de\/index.php?rest_route=\/wp\/v2\/users\/1"}],"replies":[{"embeddable":true,"href":"https:\/\/daniel-behmenburg.de\/index.php?rest_route=%2Fwp%2Fv2%2Fcomments&post=1402"}],"version-history":[{"count":3,"href":"https:\/\/daniel-behmenburg.de\/index.php?rest_route=\/wp\/v2\/posts\/1402\/revisions"}],"predecessor-version":[{"id":1408,"href":"https:\/\/daniel-behmenburg.de\/index.php?rest_route=\/wp\/v2\/posts\/1402\/revisions\/1408"}],"wp:featuredmedia":[{"embeddable":true,"href":"https:\/\/daniel-behmenburg.de\/index.php?rest_route=\/wp\/v2\/media\/1404"}],"wp:attachment":[{"href":"https:\/\/daniel-behmenburg.de\/index.php?rest_route=%2Fwp%2Fv2%2Fmedia&parent=1402"}],"wp:term":[{"taxonomy":"category","embeddable":true,"href":"https:\/\/daniel-behmenburg.de\/index.php?rest_route=%2Fwp%2Fv2%2Fcategories&post=1402"},{"taxonomy":"post_tag","embeddable":true,"href":"https:\/\/daniel-behmenburg.de\/index.php?rest_route=%2Fwp%2Fv2%2Ftags&post=1402"}],"curies":[{"name":"wp","href":"https:\/\/api.w.org\/{rel}","templated":true}]}}