{"id":14,"date":"2008-08-10T10:00:00","date_gmt":"2008-08-10T10:00:00","guid":{"rendered":"http:\/\/danielbehmenburg.wordpress.com\/2008\/08\/10\/10-jahre-werden-kurier"},"modified":"2008-08-10T10:00:00","modified_gmt":"2008-08-10T10:00:00","slug":"10-jahre-werden-kurier","status":"publish","type":"post","link":"https:\/\/daniel-behmenburg.de\/?p=14","title":{"rendered":"10 Jahre Werden Kurier"},"content":{"rendered":"<p>Lieber Werden Kurier, <\/p>\n<p>herzlichen Gl\u00fcckwunsch &#8211; 10 Jahre gibt es Dich schon. Nicht zu glauben, 10 Jahre die wie im Flug vergangen sind. Du bist zu einem wichtigen Bestandteil des Lebens in unserem Stadtteil geworden &#8211;  Mittlerweile sogar mit zwei Ausgaben in der Woche. Zu diesem Jubil\u00e4um sto\u00dfen wir mit Dir an und w\u00fcnschen alles Gute.<\/p>\n<p>Der Werden Kurier &#8211; Kritisch setzt er sich mit den aktuellen Themen im Stadtteil und in der Stadt Essen auseinander, beleuchtet die politische Situation, gibt in ausgewogener Form die Standpunkte der politischen Kr\u00e4fte wieder und setzt auch eigene Akzente. Aber auch die Vereine haben hier ein Forum, der B\u00fcrger von nebenan kommt zu Wort, hier steht, wo in Werden und Umgebung was los ist &#8211; kurz gesagt: Der Kurier ein bedeutender Teil des \u201eForum Werden\u201c geworden.<\/p>\n<p>Auch eine Zeitung muss von Zeit zu Zeit Neues erfinden, um aktuelle Themen zu transportieren: Die gro\u00dfe Kanalbaustelle und die damit verbundenen Einschr\u00e4nkungen bewegt die Werdener B\u00fcrgerinnen und B\u00fcrger. So wurde die Rubrik \u201eBaustellentagebuch\u201c im Kurier neu geschaffen. Eine gute wie auch witzige Idee! Hier werden die B\u00fcrger schnell informiert. Wir hoffen und werden uns daf\u00fcr einsetzen, dass das Baustellentagebuch bald auch direkt aus dem Arbeitskreis \u201eKanalbau\u201c berichten kann.<\/p>\n<p>Doch bevor wir die Sektkorken knallen lassen und feiern, m\u00f6chten wir noch auf einen anderen, ernsten Punkt zu sprechen kommen: Der Werden Kurier hat die wie die anderen WVW Medien in Essen noch eine wichtige Aufgabe: In Zeiten, wo sich viele Familien eine Tageszeitung nicht leisten k\u00f6nnen, bilden diese Zeitungen oftmals die einzige M\u00f6glichkeit, sich \u00fcber das Geschehen in unserer Stadt zu informieren. Deshalb ist es wichtig, einen Mix aus den verschiedenen Bereichen der Themen hinzubekommen, die den Stadtteil bewegen. Das gelingt dem Werden Kurier in besonderer Weise. F\u00fcr die Erf\u00fcllung dieses sozialen Auftrages sagen wir \u201eHerzlichen Dank\u201c.<\/p>\n<p>Lieber Werden Kurier, wir danken Dir auch f\u00fcr das gute Miteinander in den letzten 10 Jahren: Du bist f\u00fcr uns ein wichtiger Multiplikator, unsere Gedanken als SPD vor Ort f\u00fcr ein lebens- und liebenswertes Werden in die \u00d6ffentlichkeit zu transportieren. Dabei geizt Du auch nicht mit kritischen Worten, sei es in der Berichterstattung oder auch im pers\u00f6nlichen Gespr\u00e4ch. Doch auch wenn man sich in der konkreten Sache einmal nicht einig ist, dann konnten wir uns immer auf eine faire und ehrliche Berichterstattung verlassen. Das zeichnet eine freie Presse aus.  Auf der anderen Seite bist Du aber auch wichtiger Impulsgeber f\u00fcr unsere Arbeit, denn du reflektierst, wo den Menschen der Schuh dr\u00fcckt, zeigst auf, wo Handlungsbedarf besteht. Diese Anregungen nehmen wir immer gerne auf!<\/p>\n<p>Deshalb: Weiter so! Auf die n\u00e4chsten 10 Jahre im kritisch-konstruktiven Dialog und Miteinander f\u00fcr unser sch\u00f6nes Werden und unseren einzigartigen Bezirk IX!<\/p>\n<p>F\u00fcr SPD-Fraktion in der Bezirksvertretung IX<br \/>Daniel Behmenburg<br \/>&#8211; Fraktionsvorsitzender \u2013<\/p>\n<p>F\u00fcr den SPD-Ortsverein Essen-Werden<br \/>Reinhold Schulzki<br \/>&#8211; Ortsvereinsvorsitzender &#8211;<\/p>\n","protected":false},"excerpt":{"rendered":"<p>Lieber Werden Kurier, herzlichen Gl\u00fcckwunsch &#8211; 10 Jahre gibt es Dich schon. Nicht zu glauben, 10 Jahre die wie im Flug vergangen sind. Du bist zu einem wichtigen Bestandteil des Lebens in unserem Stadtteil geworden &#8211; Mittlerweile sogar mit zwei Ausgaben in der Woche. Zu diesem Jubil\u00e4um sto\u00dfen wir mit [&hellip;]<\/p>\n","protected":false},"author":1,"featured_media":0,"comment_status":"open","ping_status":"open","sticky":false,"template":"","format":"standard","meta":{"footnotes":""},"categories":[22],"tags":[],"class_list":["post-14","post","type-post","status-publish","format-standard","hentry","category-grusswort"],"_links":{"self":[{"href":"https:\/\/daniel-behmenburg.de\/index.php?rest_route=\/wp\/v2\/posts\/14","targetHints":{"allow":["GET"]}}],"collection":[{"href":"https:\/\/daniel-behmenburg.de\/index.php?rest_route=\/wp\/v2\/posts"}],"about":[{"href":"https:\/\/daniel-behmenburg.de\/index.php?rest_route=\/wp\/v2\/types\/post"}],"author":[{"embeddable":true,"href":"https:\/\/daniel-behmenburg.de\/index.php?rest_route=\/wp\/v2\/users\/1"}],"replies":[{"embeddable":true,"href":"https:\/\/daniel-behmenburg.de\/index.php?rest_route=%2Fwp%2Fv2%2Fcomments&post=14"}],"version-history":[{"count":0,"href":"https:\/\/daniel-behmenburg.de\/index.php?rest_route=\/wp\/v2\/posts\/14\/revisions"}],"wp:attachment":[{"href":"https:\/\/daniel-behmenburg.de\/index.php?rest_route=%2Fwp%2Fv2%2Fmedia&parent=14"}],"wp:term":[{"taxonomy":"category","embeddable":true,"href":"https:\/\/daniel-behmenburg.de\/index.php?rest_route=%2Fwp%2Fv2%2Fcategories&post=14"},{"taxonomy":"post_tag","embeddable":true,"href":"https:\/\/daniel-behmenburg.de\/index.php?rest_route=%2Fwp%2Fv2%2Ftags&post=14"}],"curies":[{"name":"wp","href":"https:\/\/api.w.org\/{rel}","templated":true}]}}