{"id":1394,"date":"2021-03-08T10:14:21","date_gmt":"2021-03-08T10:14:21","guid":{"rendered":"http:\/\/daniel-behmenburg.de\/?p=1394"},"modified":"2021-03-08T10:16:04","modified_gmt":"2021-03-08T10:16:04","slug":"nrwspd-waehlt-team-fuer-sozialen-neustart-kutschaty-soll-vorsitzender-werden","status":"publish","type":"post","link":"https:\/\/daniel-behmenburg.de\/?p=1394","title":{"rendered":"NRWSPD w\u00e4hlt Team f\u00fcr sozialen Neustart \u2013 Kutschaty soll Vorsitzender werden"},"content":{"rendered":"\n<figure class=\"wp-block-image size-large\"><img loading=\"lazy\" decoding=\"async\" width=\"1024\" height=\"684\" src=\"http:\/\/daniel-behmenburg.de\/wp-content\/uploads\/2021\/03\/Thomas-Kutschaty-Landesparteitag-03-202-1024x684.jpg\" alt=\"\" class=\"wp-image-1396\" srcset=\"https:\/\/daniel-behmenburg.de\/wp-content\/uploads\/2021\/03\/Thomas-Kutschaty-Landesparteitag-03-202-1024x684.jpg 1024w, https:\/\/daniel-behmenburg.de\/wp-content\/uploads\/2021\/03\/Thomas-Kutschaty-Landesparteitag-03-202-300x200.jpg 300w, https:\/\/daniel-behmenburg.de\/wp-content\/uploads\/2021\/03\/Thomas-Kutschaty-Landesparteitag-03-202-768x513.jpg 768w, https:\/\/daniel-behmenburg.de\/wp-content\/uploads\/2021\/03\/Thomas-Kutschaty-Landesparteitag-03-202-1536x1025.jpg 1536w, https:\/\/daniel-behmenburg.de\/wp-content\/uploads\/2021\/03\/Thomas-Kutschaty-Landesparteitag-03-202-2048x1367.jpg 2048w, https:\/\/daniel-behmenburg.de\/wp-content\/uploads\/2021\/03\/Thomas-Kutschaty-Landesparteitag-03-202-360x240.jpg 360w\" sizes=\"auto, (max-width: 1024px) 100vw, 1024px\" \/><\/figure>\n\n\n\n<p><strong>Sieben Wochen nach dem Beschluss des SPD-Landesvorstandes, den Landesparteitag als hybrides Format durchzuf\u00fchren, traten am heutigen Samstag die 450 Delegierten digital zusammen. Unter Einhaltung eines strengen Hygiene- und Testkonzeptes wurde der Parteitag in einem TV-Studio in Neuss aufgezeichnet.\u00a0<\/strong><\/p>\n\n\n\n<p>Das Votum der Mitglieder war deutlich: Thomas Kutschaty soll neuer Vorsitzender der NRWSPD werden. Auf dem heutigen Parteitag wurde er mit 90,5 Prozent der Delegiertenstimmen gew\u00e4hlt. Kutschaty warb in seiner Vorstellungsrede f\u00fcr eine mutige SPD: \u201eDie Zukunft geh\u00f6rt nicht den Verzagten, nicht den \u00c4ngstlichen und schon gar nicht den Angstmachern. Wir sind st\u00e4rker, wenn wir mit Mut und Begeisterung der Zukunft entgegenlaufen.\u201c Der 52-j\u00e4hrige skizzierte zudem seinen Anspruch als Vorsitzender des gr\u00f6\u00dften SPD-Landesverbandes: \u201eDie SPD ist seit 158 Jahren die Anw\u00e4ltin aller Menschen, die nicht mit Verm\u00f6gen und Privilegien auf die Welt gekommen sind. Wir m\u00fcssen aber immer auch Architektin sein, damit wieder mehr W\u00fcnsche und Hoffnungen zu Wirklichkeit werden. Das bedeutet f\u00fcr uns \u00fcber Selbstverst\u00e4ndlichkeiten hinaus zu gehen.\u201c<\/p>\n\n\n\n<p>Im Team best\u00e4tigt wurden die f\u00fcnf stellvertretenden Vorsitzenden Marc Herter, Elvan Korkmaz, Veith Lemmen, S\u00f6ren Link und D\u00f6rte Schall. Ebenfalls im Amt best\u00e4tigt wurden Nadja L\u00fcders, die vor zwei Jahren zur Generalsekret\u00e4rin der NRWSPD gew\u00e4hlt wurde, sowie Andr\u00e9 Stinka als Schatzmeister. Vervollst\u00e4ndigt wird der Landesvorstand von 30 Beisitzerinnen und Beisitzern.&nbsp;<\/p>\n\n\n\n<p>Neben den Wahlen durfte die NRWSPD auf ihren Landesparteitag den SPD-Vorsitzenden Norbert Walter-Borjans begr\u00fc\u00dfen. \u00dcber Video zugeschaltet wurden zudem die Co-Vorsitzende Saskia Esken sowie SPD-Kanzlerkandidat Olaf Scholz. Zudem berieten die Delegierten den knapp 50-seitigen Leitantrag \u201eSolidarpakt Zukunft\u201c, mit dem erste programmatische Weichenstellungen hinsichtlich der Landtagswahlen im Mai 2022 beschlossen wurden.<\/p>\n\n\n\n<p>Da das geltende Parteiengesetz digitale Wahlg\u00e4nge bisher nicht vorsieht, erhalten die Delegierten zum Beginn der n\u00e4chsten Woche Briefwahlunterlagen, um die digitale Wahl zu best\u00e4tigen. Das Ergebnis soll in der elften Kalenderwoche ver\u00f6ffentlicht werden.<\/p>\n\n\n\n<p>&#8212;<\/p>\n\n\n\n<p>Als Beisitzerinnen und Beisitzer gew\u00e4hlt wurden (in alphabetischer Reihenfolge):<\/p>\n\n\n\n<p>Dagmar Andres, Jens Bennarend, Lena-Rosa Beste, Frederick Cordes, Bernhard Daldrup, Christoph Dolle, Gordan Dudas, Felix Heinrichs, Micha Heitkamp, Nadine Heselhaus, Stefan K\u00e4mmerling, Petra Kammerevert, Nadia Khalaf, Dr. Dietmar K\u00f6ster, Tim Kurzbach, Zanda Martens, Andreas M\u00fcller, Elisabeth M\u00fcller-Witt, Natascha Nemetschek, Markus Ramers, Isabel Razanica, Susana dos Santos Herrmann, Rainer Schmeltzer, Marion Schunck-Zenker, Birgit Sippel, Anna Spaenhoff, Lisa Steinmann, Alexander Vogt, Thomas Westphal, Ibrahim Yetim<\/p>\n","protected":false},"excerpt":{"rendered":"<p>Sieben Wochen nach dem Beschluss des SPD-Landesvorstandes, den Landesparteitag als hybrides Format durchzuf\u00fchren, traten am heutigen Samstag die 450 Delegierten digital zusammen. Unter Einhaltung eines strengen Hygiene- und Testkonzeptes wurde der Parteitag in einem TV-Studio in Neuss aufgezeichnet.\u00a0 Das Votum der Mitglieder war deutlich: Thomas Kutschaty soll neuer Vorsitzender der [&hellip;]<\/p>\n","protected":false},"author":1,"featured_media":1396,"comment_status":"open","ping_status":"open","sticky":false,"template":"","format":"standard","meta":{"footnotes":""},"categories":[46],"tags":[205,208,210,207,209,206],"class_list":["post-1394","post","type-post","status-publish","format-standard","has-post-thumbnail","hentry","category-spd","tag-kutschaty","tag-neustart","tag-nrw","tag-nrwspd","tag-politik","tag-thomas-kutschaty"],"_links":{"self":[{"href":"https:\/\/daniel-behmenburg.de\/index.php?rest_route=\/wp\/v2\/posts\/1394","targetHints":{"allow":["GET"]}}],"collection":[{"href":"https:\/\/daniel-behmenburg.de\/index.php?rest_route=\/wp\/v2\/posts"}],"about":[{"href":"https:\/\/daniel-behmenburg.de\/index.php?rest_route=\/wp\/v2\/types\/post"}],"author":[{"embeddable":true,"href":"https:\/\/daniel-behmenburg.de\/index.php?rest_route=\/wp\/v2\/users\/1"}],"replies":[{"embeddable":true,"href":"https:\/\/daniel-behmenburg.de\/index.php?rest_route=%2Fwp%2Fv2%2Fcomments&post=1394"}],"version-history":[{"count":2,"href":"https:\/\/daniel-behmenburg.de\/index.php?rest_route=\/wp\/v2\/posts\/1394\/revisions"}],"predecessor-version":[{"id":1397,"href":"https:\/\/daniel-behmenburg.de\/index.php?rest_route=\/wp\/v2\/posts\/1394\/revisions\/1397"}],"wp:featuredmedia":[{"embeddable":true,"href":"https:\/\/daniel-behmenburg.de\/index.php?rest_route=\/wp\/v2\/media\/1396"}],"wp:attachment":[{"href":"https:\/\/daniel-behmenburg.de\/index.php?rest_route=%2Fwp%2Fv2%2Fmedia&parent=1394"}],"wp:term":[{"taxonomy":"category","embeddable":true,"href":"https:\/\/daniel-behmenburg.de\/index.php?rest_route=%2Fwp%2Fv2%2Fcategories&post=1394"},{"taxonomy":"post_tag","embeddable":true,"href":"https:\/\/daniel-behmenburg.de\/index.php?rest_route=%2Fwp%2Fv2%2Ftags&post=1394"}],"curies":[{"name":"wp","href":"https:\/\/api.w.org\/{rel}","templated":true}]}}