{"id":1364,"date":"2021-01-20T17:46:45","date_gmt":"2021-01-20T17:46:45","guid":{"rendered":"http:\/\/daniel-behmenburg.de\/?p=1364"},"modified":"2021-01-20T17:47:16","modified_gmt":"2021-01-20T17:47:16","slug":"ein-guter-tag-fu%cc%88r-den-sport-in-essen-ein-guter-tag-fu%cc%88r-den-sport-in-essen","status":"publish","type":"post","link":"https:\/\/daniel-behmenburg.de\/?p=1364","title":{"rendered":"Ein guter Tag fu\u0308r den Sport in Essen. Ausschuss beschlie\u00dft Corona-Hilfen fu\u0308r Vereine auch in 2021."},"content":{"rendered":"\n<p>Einstimmig wurde gestern (19.1.) im Ausschuss fu\u0308r die Sport- und B\u00e4derbetriebe mit Antr\u00e4gen von verschiedenen Fraktionen den Vereinen Planungssicherheit in Corona-Zeiten gegeben. Ein wichtiges Zeichen fu\u0308r den Sport in unserer Stadt und ein guter Start fu\u0308r die konstruktive und zielgerichtete Zusammenarbeit in diesem Ausschuss, findet die SPD-Fraktion: <\/p>\n\n\n\n<p>\u201eGestern war ein guter Tag fu\u0308r den Sport in Essen. Der Antrag der SPD forderte, den Vereinen fu\u0308r coronabedingt nicht genutzte Zeiten auf Sportpl\u00e4tzen, in Schwimmb\u00e4dern, Sporthallen oder Vereinsheimen die Gebu\u0308hr beziehungsweise Pacht auch in 2021 zuru\u0308ckzuerstatten. Der Sportausschuss ist diesem Antrag wie allen anderen Antr\u00e4gen einstimmig gefolgt. Die Sportvereine haben es in der Pandemie bereits so schon schwer. Politik und Verwaltung mu\u0308ssen hier helfen, wo es geht. Das haben wir gestern getan. Au\u00dferdem sollte es eigentlich selbstverst\u00e4ndlich sein, dass man fu\u0308r geschlossene Sportst\u00e4tten, Schwimmb\u00e4der und Vereinsheime nicht auch noch zahlen muss. Auch die dementsprechende dauerhafte \u00c4nderung der Gebu\u0308hrensatzung fordert unser Antrag. Ich bin zuversichtlich, dass die Fachverwaltung den Beschlu\u0308ssen schnell Taten folgen l\u00e4sst\u201c, so der sportpolitische Sprecher der SPD-Fraktion, Daniel Behmenburg.<\/p>\n\n\n\n<p>Michael Schwamborn, Vorsitzender des Ausschusses fu\u0308r die Sport- und B\u00e4derbetriebe, erg\u00e4nzt: \u201eIch freue mich sehr, dass die Fraktionen heute bewiesen haben, dass nicht die Parteibrille, sondern der Sport im Mittelpunkt unserer Ausschussarbeit steht. Daran werde ich als Vorsitzender des Ausschusses anknu\u0308pfen. Das ist ein starkes Signal an den Sport in unserer Stadt, dass Politik auch und gerade in diesen schwierigen Zeiten gemeinsam fest an der Seite der Vereine steht, die in mehrfacher Hinsicht von der Corona-Pandemie betroffen sind. Durch den Wegfall der M\u00f6glichkeit, sportliche Veranstaltungen durchzufu\u0308hren, fehlen notwendige Einnahmen fu\u0308r die Vereinsarbeit. Durch das infolge der Corona-Pandemie fehlende sportliche Angebot, ku\u0308ndigen viele Mitglieder ihre Vereinszugeh\u00f6rigkeit, was neben den Einschnitten im Vereinsleben auch finanzielle Einbu\u00dfen bedeutet. Und dann kann es auch noch passieren, dass man fu\u0308r Nutzungszeiten zahlen muss, die man nicht in<br>Anspruch nehmen kann. Den vielen Hilferufen aus den Vereinen haben wir mit unseren gestrigen Beschlu\u0308ssen Rechnung getragen und werden auch zuku\u0308nftige Probleme schnell und unbu\u0308rokratisch l\u00f6sen.\u201c<\/p>\n","protected":false},"excerpt":{"rendered":"<p>Einstimmig wurde gestern (19.1.) im Ausschuss fu\u0308r die Sport- und B\u00e4derbetriebe mit Antr\u00e4gen von verschiedenen Fraktionen den Vereinen Planungssicherheit in Corona-Zeiten gegeben. Ein wichtiges Zeichen fu\u0308r den Sport in unserer Stadt und ein guter Start fu\u0308r die konstruktive und zielgerichtete Zusammenarbeit in diesem Ausschuss, findet die SPD-Fraktion: \u201eGestern war ein [&hellip;]<\/p>\n","protected":false},"author":1,"featured_media":0,"comment_status":"open","ping_status":"open","sticky":false,"template":"","format":"standard","meta":{"footnotes":""},"categories":[35],"tags":[76,91,188,92],"class_list":["post-1364","post","type-post","status-publish","format-standard","hentry","category-sport","tag-corona","tag-ehrenamt","tag-sport","tag-vereine"],"_links":{"self":[{"href":"https:\/\/daniel-behmenburg.de\/index.php?rest_route=\/wp\/v2\/posts\/1364","targetHints":{"allow":["GET"]}}],"collection":[{"href":"https:\/\/daniel-behmenburg.de\/index.php?rest_route=\/wp\/v2\/posts"}],"about":[{"href":"https:\/\/daniel-behmenburg.de\/index.php?rest_route=\/wp\/v2\/types\/post"}],"author":[{"embeddable":true,"href":"https:\/\/daniel-behmenburg.de\/index.php?rest_route=\/wp\/v2\/users\/1"}],"replies":[{"embeddable":true,"href":"https:\/\/daniel-behmenburg.de\/index.php?rest_route=%2Fwp%2Fv2%2Fcomments&post=1364"}],"version-history":[{"count":2,"href":"https:\/\/daniel-behmenburg.de\/index.php?rest_route=\/wp\/v2\/posts\/1364\/revisions"}],"predecessor-version":[{"id":1366,"href":"https:\/\/daniel-behmenburg.de\/index.php?rest_route=\/wp\/v2\/posts\/1364\/revisions\/1366"}],"wp:attachment":[{"href":"https:\/\/daniel-behmenburg.de\/index.php?rest_route=%2Fwp%2Fv2%2Fmedia&parent=1364"}],"wp:term":[{"taxonomy":"category","embeddable":true,"href":"https:\/\/daniel-behmenburg.de\/index.php?rest_route=%2Fwp%2Fv2%2Fcategories&post=1364"},{"taxonomy":"post_tag","embeddable":true,"href":"https:\/\/daniel-behmenburg.de\/index.php?rest_route=%2Fwp%2Fv2%2Ftags&post=1364"}],"curies":[{"name":"wp","href":"https:\/\/api.w.org\/{rel}","templated":true}]}}