{"id":1353,"date":"2020-12-18T19:07:49","date_gmt":"2020-12-18T19:07:49","guid":{"rendered":"http:\/\/daniel-behmenburg.de\/?p=1353"},"modified":"2020-12-23T11:57:47","modified_gmt":"2020-12-23T11:57:47","slug":"quartiersbus-ist-ein-zukunftsprojekt-und-aushaengeschild-fuer-die-stadt-essen","status":"publish","type":"post","link":"https:\/\/daniel-behmenburg.de\/?p=1353","title":{"rendered":"Quartiersbus ist ein Zukunftsprojekt und Aush\u00e4ngeschild f\u00fcr die Stadt Essen"},"content":{"rendered":"\n<p><strong>SPD-Vertreter begr\u00fc\u00dfen Startschuss des neuen Werdener Bussystems Anfang Januar<\/strong><\/p>\n\n\n\n<p>\u201eIch bin sehr froh, dass die Ruhrbahn heute den Startschuss f\u00fcr diese umfangreiche und sinnvolle \u00c4nderung des Werdener Nahverkehrs f\u00fcr den 7. Januar angek\u00fcndigt hat. Ein Projekt, welches im Jahr 2010 mit dem Moderationsverfahren \u201aGr\u00fcne Harfe\u2018 begann, wird nun erfolgreich zu Ende gef\u00fchrt. F\u00fcr Werden sind die neuen Ringbuslinien 182 und 192 ein Gewinn. Sie verbinden die Werdener Quartiere miteinander und schaffen mit der direkten Anbindung an die S6 einen schnellen Weg nach Essen, Ratingen, D\u00fcsseldorf und K\u00f6ln. Wichtig ist, dass die Taktung tags\u00fcber an den 20-Minuten-Rhythmus der S6 angepasst ist\u201c, so der stellvertretende Bezirksb\u00fcrgermeister Benjamin Brenk.<\/p>\n\n\n\n<p>\u201eIch bin gespannt auf die Erfahrungen mit diesem Pilotprojekt Quartiersbus. Wenn es erfolgreich ist, k\u00f6nnen zuk\u00fcnftig mit diesen Kleinbussen mit Steh- und Sitzpl\u00e4tzen f\u00fcr 28 B\u00fcrgerinnen und B\u00fcrger stadtweit selbst enge Ecken angefahren werden, die heute noch dem \u00f6ffentlichen Nachverkehr verschlossen sind\u201c, zeigt sich der SPD-Ratsherr im Bezirk IX Daniel Behmenburg optimistisch. \u201eMit der neuen F\u00fchrung der Linie 180 haben wir dar\u00fcber hinaus dann eine Direktverbindung von Kettwig \u00fcber Werden und Kupferdreh nach Burgaltendorf. Das bisherige Umsteigen und Warten auf den Anschluss am Werdener S-Bahnhof entf\u00e4llt nun ebenso wie der Umweg \u00fcber den Stadtteil Fischlaken, der zuk\u00fcnftig von der neuen Ringbuslinie angefahren wird. Auch das ist ein gro\u00dfer Gewinn des Quartiersbusses \u2013 die gro\u00dfen Linienbusse k\u00f6nnen als Direktverbindung zwischen den Stadtteilen und zum Essener Hauptbahnhof dienen, w\u00e4hrend die Quartiersbusse eine Art Zubringer sind und den Stadtteil untereinander verbinden.\u201c&nbsp;<\/p>\n\n\n\n<p>\u201eBesonders erfreulich ist, dass die Beharrlichkeit der Bezirksvertretung IX und insbesondere des ehemaligen Bezirksb\u00fcrgermeisters Michael Bonmann sowie vieler betroffener B\u00fcrgerinnen und B\u00fcrger f\u00fcr eine weitere Anbindung der Ruhrlandklinik sich ausgezahlt hat. Das ist eine gute Botschaft f\u00fcr viele dort arbeitende Menschen, Patientinnen und Patienten und deren Angeh\u00f6rige. Der 190er dient jedoch nicht nur der Anbindung der Ruhrlandklinik, sondern auch als Schulbus f\u00fcr viele Kinder und Jugendliche. Gerade bei letzterem Punkt sind die geplante st\u00fcndliche Taktung zu gering und die Abfahrtszeiten unvorteilhaft. Hier muss nachjustiert werden. Was die Ruhrlandklinik betrifft hoffe ich sehr, dass die Anbindung sonntags von Dauer sein wird und nicht der n\u00e4chsten Sparrunde zum Opfer f\u00e4llt\u201c, so Brenk abschlie\u00dfend.<\/p>\n\n\n\n<p><a href=\"https:\/\/www.ruhrbahn.de\/fileadmin\/downloads\/Linienplaene\/Ruhrbahn\/Bus\/180_21.pdf\" target=\"_blank\" rel=\"noreferrer noopener\">Fahrplan der Linie 180 zum 7. Januar 2021<\/a><\/p>\n\n\n\n<p><a href=\"https:\/\/www.ruhrbahn.de\/fileadmin\/downloads\/Linienplaene\/EVAG\/Bus\/182.pdf\" target=\"_blank\" rel=\"noreferrer noopener\">Fahrplan der Ringbuslinie 182 zum 7. Januar 2021<\/a><\/p>\n\n\n\n<p><a href=\"https:\/\/www.ruhrbahn.de\/fileadmin\/downloads\/Linienplaene\/Ruhrbahn\/Bus\/190_21.pdf\" target=\"_blank\" rel=\"noreferrer noopener\">Fahrplan der Linie 190 zum 7. Januar 2021<\/a><\/p>\n\n\n\n<p><a href=\"https:\/\/www.ruhrbahn.de\/fileadmin\/downloads\/Linienplaene\/EVAG\/Bus\/192.pdf\" target=\"_blank\" rel=\"noreferrer noopener\">Fahrplan der Ringbuslinie 192 zum 7. Januar 2021<\/a><\/p>\n","protected":false},"excerpt":{"rendered":"<p>SPD-Vertreter begr\u00fc\u00dfen Startschuss des neuen Werdener Bussystems Anfang Januar \u201eIch bin sehr froh, dass die Ruhrbahn heute den Startschuss f\u00fcr diese umfangreiche und sinnvolle \u00c4nderung des Werdener Nahverkehrs f\u00fcr den 7. Januar angek\u00fcndigt hat. Ein Projekt, welches im Jahr 2010 mit dem Moderationsverfahren \u201aGr\u00fcne Harfe\u2018 begann, wird nun erfolgreich zu [&hellip;]<\/p>\n","protected":false},"author":1,"featured_media":0,"comment_status":"closed","ping_status":"open","sticky":false,"template":"","format":"standard","meta":{"footnotes":""},"categories":[39],"tags":[113,66,187,110,171],"class_list":["post-1353","post","type-post","status-publish","format-standard","hentry","category-bezirk-ix","tag-oepnv","tag-quartiersbus","tag-ringbus","tag-ruhrbahn","tag-verkehrswende"],"_links":{"self":[{"href":"https:\/\/daniel-behmenburg.de\/index.php?rest_route=\/wp\/v2\/posts\/1353","targetHints":{"allow":["GET"]}}],"collection":[{"href":"https:\/\/daniel-behmenburg.de\/index.php?rest_route=\/wp\/v2\/posts"}],"about":[{"href":"https:\/\/daniel-behmenburg.de\/index.php?rest_route=\/wp\/v2\/types\/post"}],"author":[{"embeddable":true,"href":"https:\/\/daniel-behmenburg.de\/index.php?rest_route=\/wp\/v2\/users\/1"}],"replies":[{"embeddable":true,"href":"https:\/\/daniel-behmenburg.de\/index.php?rest_route=%2Fwp%2Fv2%2Fcomments&post=1353"}],"version-history":[{"count":1,"href":"https:\/\/daniel-behmenburg.de\/index.php?rest_route=\/wp\/v2\/posts\/1353\/revisions"}],"predecessor-version":[{"id":1354,"href":"https:\/\/daniel-behmenburg.de\/index.php?rest_route=\/wp\/v2\/posts\/1353\/revisions\/1354"}],"wp:attachment":[{"href":"https:\/\/daniel-behmenburg.de\/index.php?rest_route=%2Fwp%2Fv2%2Fmedia&parent=1353"}],"wp:term":[{"taxonomy":"category","embeddable":true,"href":"https:\/\/daniel-behmenburg.de\/index.php?rest_route=%2Fwp%2Fv2%2Fcategories&post=1353"},{"taxonomy":"post_tag","embeddable":true,"href":"https:\/\/daniel-behmenburg.de\/index.php?rest_route=%2Fwp%2Fv2%2Ftags&post=1353"}],"curies":[{"name":"wp","href":"https:\/\/api.w.org\/{rel}","templated":true}]}}