{"id":1278,"date":"2020-11-30T11:32:59","date_gmt":"2020-11-30T11:32:59","guid":{"rendered":"http:\/\/daniel-behmenburg.de\/?p=1278"},"modified":"2020-12-23T11:57:47","modified_gmt":"2020-12-23T11:57:47","slug":"auch-in-coronazeiten-nicht-auf-maerchenlesungen-verzichten","status":"publish","type":"post","link":"https:\/\/daniel-behmenburg.de\/?p=1278","title":{"rendered":"Auch in Coronazeiten nicht auf M\u00e4rchenlesungen verzichten"},"content":{"rendered":"\n<p><strong>Kettwiger M\u00e4rchenstra\u00dfe Ruhrstra\u00dfe wird ab dem 1.12. digital<\/strong><\/p>\n\n\n\n<figure class=\"wp-block-image size-large\"><img loading=\"lazy\" decoding=\"async\" width=\"1024\" height=\"684\" src=\"http:\/\/daniel-behmenburg.de\/wp-content\/uploads\/2020\/11\/DSC_0215-1024x684.jpg\" alt=\"\" class=\"wp-image-1279\" srcset=\"https:\/\/daniel-behmenburg.de\/wp-content\/uploads\/2020\/11\/DSC_0215-1024x684.jpg 1024w, https:\/\/daniel-behmenburg.de\/wp-content\/uploads\/2020\/11\/DSC_0215-300x200.jpg 300w, https:\/\/daniel-behmenburg.de\/wp-content\/uploads\/2020\/11\/DSC_0215-768x513.jpg 768w, https:\/\/daniel-behmenburg.de\/wp-content\/uploads\/2020\/11\/DSC_0215-1536x1026.jpg 1536w, https:\/\/daniel-behmenburg.de\/wp-content\/uploads\/2020\/11\/DSC_0215-2048x1367.jpg 2048w, https:\/\/daniel-behmenburg.de\/wp-content\/uploads\/2020\/11\/DSC_0215-360x240.jpg 360w\" sizes=\"auto, (max-width: 1024px) 100vw, 1024px\" \/><\/figure>\n\n\n\n<p>Die M\u00e4rchenstra\u00dfe in der historischen Ruhrstra\u00dfe in Kettwig erfreut auch in diesem Jahr wieder kleine und gro\u00dfe Kinder in der Vorweihnachtszeit. Vielfach bedauert wurde aber, dass erstmals aufgrund der Coronapandemie keine M\u00e4rchenlesungen stattfinden k\u00f6nnen. Das wollte der Freundeskreis Ruhrstra\u00dfe so nicht stehen lassen. Deshalb haben sie alle 15 dargestellten M\u00e4rchen eingelesen.<\/p>\n\n\n\n<p>Um die Aufnahme und technische Realisierung haben sich die beiden Ruhrstra\u00dfenanwohner Danielle Sch\u00e4fer und Daniel Behmenburg gek\u00fcmmert. &nbsp;Sozusagen p\u00fcnktlich zum ersten T\u00fcrchen am Adventskalender werden ab dem 1. Dezember QR-Codes an den jeweiligen M\u00e4rchen daf\u00fcr sorgen, dass man sich die kurzweiligen Geschichten mit der Familie am Smartphone oder Tablet anh\u00f6ren kann. Alle M\u00e4rchen wurden auf eine der kalten Witterung entsprechende L\u00e4nge gek\u00fcrzt.&nbsp;<\/p>\n\n\n\n<p>\u201eWir hoffen, so ein kleines St\u00fcckchen Normalit\u00e4t in einer schwierigen Zeit vermitteln zu k\u00f6nnen. Mit Sicherheit eine sch\u00f6ne Abwechslung beim Sonntagsspaziergang mit der Familie. Ganz herzlichen Dank an alle Freundinnen und Freunde der Ruhrstra\u00dfe, die in den letzten Wochen an der Realisierung dieser Idee mitgewirkt haben. Wir w\u00fcnschen den Besucherinnen und Besuchern unserer historischen Altstadtgasse viel Spa\u00df und Freude an diesem zus\u00e4tzlichen Angebot. Und wenn man schon einmal da ist, kann man auch ein wenig in den Gesch\u00e4ften st\u00f6bern oder sich am M\u00fchlengraben ein St\u00fcck leckeren Kuchen f\u00fcr daheim oder ein Hei\u00dfgetr\u00e4nk f\u00fcr unterwegs mitnehmen\u201c, so Daniel Behmenburg.<\/p>\n","protected":false},"excerpt":{"rendered":"<p>Kettwiger M\u00e4rchenstra\u00dfe Ruhrstra\u00dfe wird ab dem 1.12. digital Die M\u00e4rchenstra\u00dfe in der historischen Ruhrstra\u00dfe in Kettwig erfreut auch in diesem Jahr wieder kleine und gro\u00dfe Kinder in der Vorweihnachtszeit. Vielfach bedauert wurde aber, dass erstmals aufgrund der Coronapandemie keine M\u00e4rchenlesungen stattfinden k\u00f6nnen. Das wollte der Freundeskreis Ruhrstra\u00dfe so nicht stehen [&hellip;]<\/p>\n","protected":false},"author":1,"featured_media":0,"comment_status":"closed","ping_status":"open","sticky":false,"template":"","format":"standard","meta":{"footnotes":""},"categories":[6],"tags":[186,88,185,184],"class_list":["post-1278","post","type-post","status-publish","format-standard","hentry","category-kettwig","tag-digitalisierung","tag-ig-ruhrstrasse","tag-maerchenstrasse","tag-ruhrstrasse"],"_links":{"self":[{"href":"https:\/\/daniel-behmenburg.de\/index.php?rest_route=\/wp\/v2\/posts\/1278","targetHints":{"allow":["GET"]}}],"collection":[{"href":"https:\/\/daniel-behmenburg.de\/index.php?rest_route=\/wp\/v2\/posts"}],"about":[{"href":"https:\/\/daniel-behmenburg.de\/index.php?rest_route=\/wp\/v2\/types\/post"}],"author":[{"embeddable":true,"href":"https:\/\/daniel-behmenburg.de\/index.php?rest_route=\/wp\/v2\/users\/1"}],"replies":[{"embeddable":true,"href":"https:\/\/daniel-behmenburg.de\/index.php?rest_route=%2Fwp%2Fv2%2Fcomments&post=1278"}],"version-history":[{"count":1,"href":"https:\/\/daniel-behmenburg.de\/index.php?rest_route=\/wp\/v2\/posts\/1278\/revisions"}],"predecessor-version":[{"id":1280,"href":"https:\/\/daniel-behmenburg.de\/index.php?rest_route=\/wp\/v2\/posts\/1278\/revisions\/1280"}],"wp:attachment":[{"href":"https:\/\/daniel-behmenburg.de\/index.php?rest_route=%2Fwp%2Fv2%2Fmedia&parent=1278"}],"wp:term":[{"taxonomy":"category","embeddable":true,"href":"https:\/\/daniel-behmenburg.de\/index.php?rest_route=%2Fwp%2Fv2%2Fcategories&post=1278"},{"taxonomy":"post_tag","embeddable":true,"href":"https:\/\/daniel-behmenburg.de\/index.php?rest_route=%2Fwp%2Fv2%2Ftags&post=1278"}],"curies":[{"name":"wp","href":"https:\/\/api.w.org\/{rel}","templated":true}]}}