{"id":1266,"date":"2020-11-12T11:31:34","date_gmt":"2020-11-12T11:31:34","guid":{"rendered":"http:\/\/daniel-behmenburg.de\/?p=1266"},"modified":"2020-12-23T11:57:47","modified_gmt":"2020-12-23T11:57:47","slug":"das-gedenken-aufrecht-erhalten-spd-kettwig-putzte-stolpersteine","status":"publish","type":"post","link":"https:\/\/daniel-behmenburg.de\/?p=1266","title":{"rendered":"Das Gedenken aufrecht erhalten \u2013 SPD Kettwig putzte Stolpersteine"},"content":{"rendered":"\n<figure class=\"wp-block-image size-large\"><img loading=\"lazy\" decoding=\"async\" width=\"1024\" height=\"684\" src=\"http:\/\/daniel-behmenburg.de\/wp-content\/uploads\/2020\/11\/DSC_9054-1024x684.jpg\" alt=\"\" class=\"wp-image-1267\" srcset=\"https:\/\/daniel-behmenburg.de\/wp-content\/uploads\/2020\/11\/DSC_9054-1024x684.jpg 1024w, https:\/\/daniel-behmenburg.de\/wp-content\/uploads\/2020\/11\/DSC_9054-300x200.jpg 300w, https:\/\/daniel-behmenburg.de\/wp-content\/uploads\/2020\/11\/DSC_9054-768x513.jpg 768w, https:\/\/daniel-behmenburg.de\/wp-content\/uploads\/2020\/11\/DSC_9054-1536x1026.jpg 1536w, https:\/\/daniel-behmenburg.de\/wp-content\/uploads\/2020\/11\/DSC_9054-2048x1367.jpg 2048w, https:\/\/daniel-behmenburg.de\/wp-content\/uploads\/2020\/11\/DSC_9054-360x240.jpg 360w\" sizes=\"auto, (max-width: 1024px) 100vw, 1024px\" \/><\/figure>\n\n\n\n<p>In jedem Jahr gedenkt die Kettwiger SPD den Opfern der Reichspogromnacht. Den Gedenkstein f\u00fcr die j\u00fcdische Familie in Kettwig vor der Br\u00fccke in einer gemeinsamen Aktion von M\u00fcll und Unrat zu befreien und optisch in einen w\u00fcrdevollen Zustand zu versetzen, war in diesem Jahr aufgrund der Corona-Beschr\u00e4nkungen im November leider nicht m\u00f6glich.<\/p>\n\n\n\n<p>\u201eWir werden diese sehr wichtige Geste des Gedenkens und der Mahnung aber auch auf jeden Fall nachholen. Am Jahrestag der Reichspogromnacht am 9.\/10. November haben wir in diesem Jahr stattdessen die Stolpersteine in Kettwig geputzt. Wir m\u00f6chten damit auch in diesem Jahr den Anf\u00e4ngen wehren. Wir wollten auch in diesem Jahr zeigen, dass Ausgrenzung, Hass und Spaltung der Gesellschaft nie zu einem guten Ende f\u00fchren. Extremismus, Antisemitismus und Rassismus sind heute in vielen Gesellschaftsbereichen wieder auf dem Vormarsch. Wir als Kettwiger Sozialdemokraten stellen uns dieser Entwicklung klar entgegen und werben f\u00fcr ein gutes und solidarisches Miteinander der Menschen in unserem Land. \u201aNie wieder\u2018 darf nie zur Floskel werden, sondern muss Grundlage und Grund\u00fcberzeugung allen Handelns sein\u201c, so der Vorsitzende der SPD in Kettwig Daniel Behmenburg.<\/p>\n\n\n\n<p><em>Hintergrund: Der K\u00fcnstler Gunter Demnig erinnert seit dem Jahr 2000 mit seinen Stolpersteinen an die Opfer der NS-Zeit. An dem letzten selbstgew\u00e4hlten Wohnort dieser Mitmenschen werden diese Gedenktafeln aus Messing in den Boden einl\u00e4sst. Gedanklicher Hintergrund dieser bundes- und europaweiten Initiative ist ein Satz aus dem Talmut: \u201eEin Mensch ist erst vergessen, wenn sein Name vergessen ist.\u201c<\/em><\/p>\n\n\n\n<ul class=\"wp-block-list\"><li><em>In Kettwig gibt es (bisher) 14 Stolpersteine:\u00a0Vor dem Haus Werdener Stra\u00dfe 28 erinnern 8 Steine an Max Joseph, Johann Joseph, geborene Anschel, Emma Joseph, Hulda Joseph, Amelie Isaac, geborene Neust\u00e4dter und Rita Seligmann, geborene Stern.\u00a0<\/em><\/li><\/ul>\n\n\n\n<ul class=\"wp-block-list\"><li><em>Vor den H\u00e4usern Landsberger Stra\u00dfe 8 und 10 erinnern vier Steine an Siegmund Seligmann, Grete Seligmann, geborene Aaron, Otto Salomon und Robert Salamon.<\/em><\/li><\/ul>\n\n\n\n<ul class=\"wp-block-list\"><li><em>Die Steine vor der Alten F\u00e4hre 2 erinnern an Johanna Ruth Moses und Carla Moses.<\/em><\/li><\/ul>\n\n\n\n<ul class=\"wp-block-list\"><li><em>Vor dem Haus Wilhelmstra\u00dfe 6 wird an Dr. Carl Schmitz und vor dem Haus Kringsgat 7 an Julius Anschel erinnert.<\/em><\/li><\/ul>\n\n\n\n<figure class=\"wp-block-image size-large\"><img loading=\"lazy\" decoding=\"async\" width=\"1024\" height=\"684\" src=\"http:\/\/daniel-behmenburg.de\/wp-content\/uploads\/2020\/11\/DSC_9050-1024x684.jpg\" alt=\"\" class=\"wp-image-1268\" srcset=\"https:\/\/daniel-behmenburg.de\/wp-content\/uploads\/2020\/11\/DSC_9050-1024x684.jpg 1024w, https:\/\/daniel-behmenburg.de\/wp-content\/uploads\/2020\/11\/DSC_9050-300x200.jpg 300w, https:\/\/daniel-behmenburg.de\/wp-content\/uploads\/2020\/11\/DSC_9050-768x513.jpg 768w, https:\/\/daniel-behmenburg.de\/wp-content\/uploads\/2020\/11\/DSC_9050-1536x1026.jpg 1536w, https:\/\/daniel-behmenburg.de\/wp-content\/uploads\/2020\/11\/DSC_9050-2048x1367.jpg 2048w, https:\/\/daniel-behmenburg.de\/wp-content\/uploads\/2020\/11\/DSC_9050-360x240.jpg 360w\" sizes=\"auto, (max-width: 1024px) 100vw, 1024px\" \/><\/figure>\n","protected":false},"excerpt":{"rendered":"<p>In jedem Jahr gedenkt die Kettwiger SPD den Opfern der Reichspogromnacht. Den Gedenkstein f\u00fcr die j\u00fcdische Familie in Kettwig vor der Br\u00fccke in einer gemeinsamen Aktion von M\u00fcll und Unrat zu befreien und optisch in einen w\u00fcrdevollen Zustand zu versetzen, war in diesem Jahr aufgrund der Corona-Beschr\u00e4nkungen im November leider [&hellip;]<\/p>\n","protected":false},"author":1,"featured_media":0,"comment_status":"closed","ping_status":"open","sticky":false,"template":"","format":"standard","meta":{"footnotes":""},"categories":[6],"tags":[176,117,177,178,175,174,173],"class_list":["post-1266","post","type-post","status-publish","format-standard","hentry","category-kettwig","tag-erinnerungskultur","tag-gedenken","tag-mahnung","tag-niewieder","tag-pogrome","tag-reichspogromnacht","tag-stolpersteine"],"_links":{"self":[{"href":"https:\/\/daniel-behmenburg.de\/index.php?rest_route=\/wp\/v2\/posts\/1266","targetHints":{"allow":["GET"]}}],"collection":[{"href":"https:\/\/daniel-behmenburg.de\/index.php?rest_route=\/wp\/v2\/posts"}],"about":[{"href":"https:\/\/daniel-behmenburg.de\/index.php?rest_route=\/wp\/v2\/types\/post"}],"author":[{"embeddable":true,"href":"https:\/\/daniel-behmenburg.de\/index.php?rest_route=\/wp\/v2\/users\/1"}],"replies":[{"embeddable":true,"href":"https:\/\/daniel-behmenburg.de\/index.php?rest_route=%2Fwp%2Fv2%2Fcomments&post=1266"}],"version-history":[{"count":1,"href":"https:\/\/daniel-behmenburg.de\/index.php?rest_route=\/wp\/v2\/posts\/1266\/revisions"}],"predecessor-version":[{"id":1269,"href":"https:\/\/daniel-behmenburg.de\/index.php?rest_route=\/wp\/v2\/posts\/1266\/revisions\/1269"}],"wp:attachment":[{"href":"https:\/\/daniel-behmenburg.de\/index.php?rest_route=%2Fwp%2Fv2%2Fmedia&parent=1266"}],"wp:term":[{"taxonomy":"category","embeddable":true,"href":"https:\/\/daniel-behmenburg.de\/index.php?rest_route=%2Fwp%2Fv2%2Fcategories&post=1266"},{"taxonomy":"post_tag","embeddable":true,"href":"https:\/\/daniel-behmenburg.de\/index.php?rest_route=%2Fwp%2Fv2%2Ftags&post=1266"}],"curies":[{"name":"wp","href":"https:\/\/api.w.org\/{rel}","templated":true}]}}