{"id":1233,"date":"2020-09-21T17:41:49","date_gmt":"2020-09-21T17:41:49","guid":{"rendered":"http:\/\/daniel-behmenburg.de\/?p=1233"},"modified":"2020-12-23T11:57:47","modified_gmt":"2020-12-23T11:57:47","slug":"kommunalwahl-2020-die-spd-in-kettwig-sagt-danke","status":"publish","type":"post","link":"https:\/\/daniel-behmenburg.de\/?p=1233","title":{"rendered":"Kommunalwahl 2020 \u2013 die SPD in Kettwig sagt \u201eDanke\u201c"},"content":{"rendered":"\n<figure class=\"wp-block-image size-large\"><img loading=\"lazy\" decoding=\"async\" width=\"2560\" height=\"2560\" src=\"http:\/\/daniel-behmenburg.de\/wp-content\/uploads\/2020\/09\/Sharepic-UB-Essen-Ergebnisse-Kettwig-scaled.jpg\" alt=\"\" class=\"wp-image-1234\" srcset=\"https:\/\/daniel-behmenburg.de\/wp-content\/uploads\/2020\/09\/Sharepic-UB-Essen-Ergebnisse-Kettwig-scaled.jpg 2560w, https:\/\/daniel-behmenburg.de\/wp-content\/uploads\/2020\/09\/Sharepic-UB-Essen-Ergebnisse-Kettwig-300x300.jpg 300w, https:\/\/daniel-behmenburg.de\/wp-content\/uploads\/2020\/09\/Sharepic-UB-Essen-Ergebnisse-Kettwig-768x768.jpg 768w, https:\/\/daniel-behmenburg.de\/wp-content\/uploads\/2020\/09\/Sharepic-UB-Essen-Ergebnisse-Kettwig-2048x2048.jpg 2048w\" sizes=\"auto, (max-width: 2560px) 100vw, 2560px\" \/><\/figure>\n\n\n\n<p>Die Wahlplakate sind abgehangen und entsorgt, die letzten Wahlkampfmaterialien aus den Garagen ger\u00e4umt und das erste Wochenende ohne Infostand liegt hinter den Kettwiger Sozialdemokraten.&nbsp;<\/p>\n\n\n\n<p>\u201eZeit, Danke an die Kettwigerinnen und Kettwiger zu sagen f\u00fcr eine unglaublich tolle Wahlkampfzeit. Wir sind immer noch begeistert von den vielen konstruktiven Gespr\u00e4chen am Infostand, auf der Stra\u00dfe, am Telefon, in den sozialen Netzwerken und in den Kneipen und Cafes. Wir haben versprochen, dass keine Anregung, keine Idee und kein konkretes Problem verloren geht. Das haben wir gehalten. Alles wurde dokumentiert und wird in die politische Arbeit der n\u00e4chsten Jahre einflie\u00dfen. Ich freue mich, auch diesen Weg gemeinsam mit den interessierten Menschen in Kettwig zu gehen. Ich bedanke mich aber auch bei den fleissigen Helferinnen und Helfern der SPD in Kettwig, die soviel Zeit und Energie in den letzten Monaten investiert haben und ohne die das alles nicht m\u00f6glich gewesen w\u00e4re\u201c, so der Ortsvereinsvorsitzende Daniel Behmenburg.<\/p>\n\n\n\n<p>\u201eDas Ergebnis ist f\u00fcr die SPD Essen schmerzhaft. Wir werden unseren Teil dazu beitragen, verlorenes Vertrauen zur\u00fcckzugewinnen und bei der n\u00e4chsten Wahl in Stimmen umzuwandeln. Wir werden dabei als SPD in Kettwig bei unserem alten Rezept &#8211; ansprechbar sein, zuh\u00f6ren, diskutieren und gemeinsam mit den Menschen L\u00f6sungen erarbeiten &#8211; bleiben. Bei aller Entt\u00e4uschung freuen wir uns aber, dass wir als Kettwiger SPD entgegen dem Stadttrend bei der Wahl auch Erfolge verzeichnen k\u00f6nnen\u201c, res\u00fcmiert Danielle Sch\u00e4fer, Wahlkampfleiterin der SPD Kettwig. \u201eEin kleines Plus von 1,29 % im Kettwiger Teil der Kommunalwahlbezirke 28 und 42 (CDU -0,87 %, GR\u00dcNE +5,22 %). Und nat\u00fcrlich ein ganz tolles Ergebnis im Kettwiger Kommunalwahlbezirk 42. Mit einem Plus von 5,9 % (CDU -3,6 %. GR\u00dcNE +3,7 %) konnten wir neben dem Bezirk 11 hier als einzige ein Plus, das f\u00fcnftbeste Ergebnis und mit 1955 Stimmen die zweitmeisten absoluten Stimmen in einem Wahlbezirk f\u00fcr die SPD Essen erringen. Bei der Wahl zur Bezirksvertretung IX haben wir mit -3,02 % (CDU -10,58 %, GR\u00dcNE +6,3 %) vergleichsweise moderat in Kettwig verloren, m\u00fcssen aber zuk\u00fcnftig einen Platz in dem Stadtteilgremium abgeben. Das wieder zu \u00e4ndern ist Ansporn f\u00fcr die n\u00e4chste Kommunalwahl. Wir bedanken uns bei den Kettwigerinnen und Kettwigern f\u00fcr diesen Vertrauensbeweis und werden mit unserem Ratsherrn Daniel Behmenburg und unsere Bezirksvertreterinnen und Bezirksvertretern in den n\u00e4chsten f\u00fcnf Jahren daran arbeiten, dieses Vertrauen weiter zu verfestigen.\u201c<\/p>\n","protected":false},"excerpt":{"rendered":"<p>Die Wahlplakate sind abgehangen und entsorgt, die letzten Wahlkampfmaterialien aus den Garagen ger\u00e4umt und das erste Wochenende ohne Infostand liegt hinter den Kettwiger Sozialdemokraten.&nbsp; \u201eZeit, Danke an die Kettwigerinnen und Kettwiger zu sagen f\u00fcr eine unglaublich tolle Wahlkampfzeit. Wir sind immer noch begeistert von den vielen konstruktiven Gespr\u00e4chen am Infostand, [&hellip;]<\/p>\n","protected":false},"author":1,"featured_media":0,"comment_status":"closed","ping_status":"open","sticky":false,"template":"","format":"standard","meta":{"footnotes":""},"categories":[1],"tags":[],"class_list":["post-1233","post","type-post","status-publish","format-standard","hentry","category-uncategorized"],"_links":{"self":[{"href":"https:\/\/daniel-behmenburg.de\/index.php?rest_route=\/wp\/v2\/posts\/1233","targetHints":{"allow":["GET"]}}],"collection":[{"href":"https:\/\/daniel-behmenburg.de\/index.php?rest_route=\/wp\/v2\/posts"}],"about":[{"href":"https:\/\/daniel-behmenburg.de\/index.php?rest_route=\/wp\/v2\/types\/post"}],"author":[{"embeddable":true,"href":"https:\/\/daniel-behmenburg.de\/index.php?rest_route=\/wp\/v2\/users\/1"}],"replies":[{"embeddable":true,"href":"https:\/\/daniel-behmenburg.de\/index.php?rest_route=%2Fwp%2Fv2%2Fcomments&post=1233"}],"version-history":[{"count":2,"href":"https:\/\/daniel-behmenburg.de\/index.php?rest_route=\/wp\/v2\/posts\/1233\/revisions"}],"predecessor-version":[{"id":1237,"href":"https:\/\/daniel-behmenburg.de\/index.php?rest_route=\/wp\/v2\/posts\/1233\/revisions\/1237"}],"wp:attachment":[{"href":"https:\/\/daniel-behmenburg.de\/index.php?rest_route=%2Fwp%2Fv2%2Fmedia&parent=1233"}],"wp:term":[{"taxonomy":"category","embeddable":true,"href":"https:\/\/daniel-behmenburg.de\/index.php?rest_route=%2Fwp%2Fv2%2Fcategories&post=1233"},{"taxonomy":"post_tag","embeddable":true,"href":"https:\/\/daniel-behmenburg.de\/index.php?rest_route=%2Fwp%2Fv2%2Ftags&post=1233"}],"curies":[{"name":"wp","href":"https:\/\/api.w.org\/{rel}","templated":true}]}}