{"id":1216,"date":"2020-09-03T13:32:00","date_gmt":"2020-09-03T13:32:00","guid":{"rendered":"http:\/\/daniel-behmenburg.de\/?p=1216"},"modified":"2020-12-23T11:57:47","modified_gmt":"2020-12-23T11:57:47","slug":"ueberlegungen-zum-radverkehr-in-kettwig-koennten-auch-viele-andere-probleme-loesen","status":"publish","type":"post","link":"https:\/\/daniel-behmenburg.de\/?p=1216","title":{"rendered":"\u00dcberlegungen zum Radverkehr in Kettwig k\u00f6nnten auch viele andere Probleme l\u00f6sen"},"content":{"rendered":"\n<p><strong>SPD-Fraktion begr\u00fc\u00dft interfraktionelle Zusammenarbeit bei dem Thema.<\/strong><\/p>\n\n\n\n<p>Die SPD-Fraktion begr\u00fc\u00dft es, dass sich interfraktionell Gedanken \u00fcber den Radverkehr in Kettwig gemacht wird. \u201eDas bietet die Chance, ein paar altbekannte Probleme direkt mit zu l\u00f6sen und damit f\u00fcr ein bisschen mehr Harmonie zwischen Fu\u00dfg\u00e4ngern, Radfahrern und Autofahrern zu sorgen. Verst\u00e4ndnis, Toleranz und R\u00fccksicht sind der erste Grundstein f\u00fcr eine Verkehrswende. Die Verkehrsprobleme werden wir nur gemeinsam und nicht gegeneinander l\u00f6sen. Es ist ein gutes Signal, dass die politischen Kr\u00e4fte hier vor Ort bei dem Thema Hand in Hand mit der Verwaltung und den Kolleginnen und Kollegen aus dem Rat arbeiten\u201c, so der Vorsitzende der SPD-Fraktion in der Bezirksvertretung IX Daniel Behmenburg. Konkret nennt der Bezirkspolitiker dabei beispielhaft folgende f\u00fcr die SPD-Fraktion wichtige Themen bei der geplanten Anbindung vom Ruhrtalradweg an den Panoramaradweg:<\/p>\n\n\n\n<p>Der Tunnel als Verbindungsst\u00fcck zwischen Heiligenhauser Stra\u00dfe und Sengenholzer Weg ist f\u00fcr Fu\u00dfg\u00e4nger, Radfahrer und auch Autofahrer gef\u00e4hrlich. Diese Stelle ist absolut uneinsichtig. Hier muss f\u00fcr eine bessere Beleuchtung gesorgt werden. Au\u00dferdem muss durch entsprechende Einbauten oder andere Ma\u00dfnahmen die Geschwindigkeit an dieser Stelle verlangsamt und die Aufmerksamkeit erh\u00f6ht werden.<\/p>\n\n\n\n<p>Auf der Heiligenhauser Stra\u00dfe in H\u00f6he der Kita kommt es h\u00e4ufig zu brenzligen, insbesondere f\u00fcr Fu\u00dfg\u00e4nger gef\u00e4hrlichen, Situationen. Das hat vielfach mit der Beparkung an dieser Stelle zu tun, aber auch mit schnell aus dem Kreisverkehr ausfahrenden Fahrzeugen. Diese Stelle muss dringend \u00fcberplant und entsch\u00e4rft werden.<\/p>\n\n\n\n<p>Eine geplante Verbindung zum Ruhrtalradweg k\u00f6nnte parallel zur August-Thyssen-Stra\u00dfe verlaufen. Das w\u00fcrde die Ringstra\u00dfe vom Kreisverkehr bis zur Werdener Stra\u00dfe erheblich entlasten. Radfahrer h\u00e4tten eine attraktive und landschaftlich sch\u00f6ne alternative Variante der Anbindung. Viele Freizeitradler w\u00fcrden daf\u00fcr bestimmt einen kleinen Umweg in Kauf nehmen. Die h\u00e4ufigen Zusammenst\u00f6\u00dfe zwischen Radfahrern und Fu\u00dfg\u00e4ngern auf dem Fu\u00dfweg an der Ringstra\u00dfe w\u00fcrden dann in vielen F\u00e4llen der Vergangenheit angeh\u00f6ren. Dadurch w\u00fcrden auch die Volckmar- und die Arndtstra\u00dfe entlastet.<\/p>\n\n\n\n<p>Wir begr\u00fc\u00dfen es auch, dass am Promenadenweg das Provisorium nun durch eine durchdachte L\u00f6sung ersetzt werden soll. Dabei gibt es ein paar Leitlinien f\u00fcr uns.&nbsp;<\/p>\n\n\n\n<p>So charmant die Idee einer autofreien Promenade ist &#8211; das w\u00fcrde die Bachstra\u00dfe vor nicht zu l\u00f6sende Probleme stellen. Auch die Verwaltung hat hierf\u00fcr keine L\u00f6sung. Diese Variante kommt also nicht in Frage.<\/p>\n\n\n\n<p>Wir m\u00fcssen uns deshalb \u00fcberlegen, wie wir die Verkehrsteilnehmer so sortieren, dass Fu\u00dfg\u00e4nger, Radfahrer und Autofahrer gut miteinander auskommen k\u00f6nnen. Dabei gibt es zwei Varianten. Man k\u00f6nnte die Fahrradfahrer auf den sehr gro\u00dfz\u00fcgigen Weg an den H\u00e4usern verlagern und f\u00fcr die Fu\u00dfg\u00e4nger den Weg direkt am Wasser reservieren. Das hatte die SPD-Fraktion schon als kurzfristige L\u00f6sung im September 2019 vorgeschlagen. Oder man vergr\u00f6\u00dfert wie von der Verwaltung vorgeschlagen als zweite Variante die Stra\u00dfe dadurch, dass man das Parken halbseitig auf dem gro\u00dfen Gehweg zul\u00e4sst. Nat\u00fcrlich nur dort, wo es passt. Das k\u00f6nnte ein paar wenige Parkpl\u00e4tze kosten, w\u00fcrde aber die Stra\u00dfe breit genug f\u00fcr die eigentlich angedachte Fahrradstra\u00dfe machen.<\/p>\n\n\n\n<p>Der durchgehende Fu\u00dfweg am Ufer muss auch in dem Bereich des Tretbootverleihs wieder hergestellt werden. Fu\u00dfg\u00e4nger m\u00fcssen momentan zwei Mal die Stra\u00dfe kreuzen. An dieser Stelle muss zugunsten der Fu\u00dfg\u00e4nger gedacht werden, die gerade an den Wochenenden den Weg sehr zahlreich nutzen.<\/p>\n\n\n\n<p>Am Promenadenweg kann aber nicht Schluss sein, der Leinpfad in Richtung Werden und auch in Richtung M\u00fclheim bed\u00fcrfen in der Zukunft einer Betrachtung, wie wir dort ein gutes Miteinander aller Nutzer hinbekommen.<\/p>\n\n\n\n<p>Das sind nur ein paar Gedanken und Diskussionsimpulse von uns. Wir freuen uns, diese Themen weiterhin mit den Kolleginnen und Kollegen der Bezirksvertretung, des Bau- und Verkehrsausschusses und der Verwaltung anzugehen. Ideen und Anregungen aus der B\u00fcrgerschaft zu diesem Thema begr\u00fc\u00dfen wir sehr. Wie stellen Sie sich den Verkehr der Zukunft an diesen Stellen vor? Kommen wir ins Gespr\u00e4ch!<\/p>\n","protected":false},"excerpt":{"rendered":"<p>SPD-Fraktion begr\u00fc\u00dft interfraktionelle Zusammenarbeit bei dem Thema. Die SPD-Fraktion begr\u00fc\u00dft es, dass sich interfraktionell Gedanken \u00fcber den Radverkehr in Kettwig gemacht wird. \u201eDas bietet die Chance, ein paar altbekannte Probleme direkt mit zu l\u00f6sen und damit f\u00fcr ein bisschen mehr Harmonie zwischen Fu\u00dfg\u00e4ngern, Radfahrern und Autofahrern zu sorgen. Verst\u00e4ndnis, Toleranz [&hellip;]<\/p>\n","protected":false},"author":1,"featured_media":0,"comment_status":"closed","ping_status":"open","sticky":false,"template":"","format":"standard","meta":{"footnotes":""},"categories":[6],"tags":[70,90,68,57,167,170,89,69,169,171],"class_list":["post-1216","post","type-post","status-publish","format-standard","hentry","category-kettwig","tag-fahrrad","tag-fahrradstrasse","tag-gemeinsam","tag-kettwig","tag-miteinander","tag-panoramaradweg","tag-promenadenweg","tag-radverkehr","tag-ruhrtalradweg","tag-verkehrswende"],"_links":{"self":[{"href":"https:\/\/daniel-behmenburg.de\/index.php?rest_route=\/wp\/v2\/posts\/1216","targetHints":{"allow":["GET"]}}],"collection":[{"href":"https:\/\/daniel-behmenburg.de\/index.php?rest_route=\/wp\/v2\/posts"}],"about":[{"href":"https:\/\/daniel-behmenburg.de\/index.php?rest_route=\/wp\/v2\/types\/post"}],"author":[{"embeddable":true,"href":"https:\/\/daniel-behmenburg.de\/index.php?rest_route=\/wp\/v2\/users\/1"}],"replies":[{"embeddable":true,"href":"https:\/\/daniel-behmenburg.de\/index.php?rest_route=%2Fwp%2Fv2%2Fcomments&post=1216"}],"version-history":[{"count":1,"href":"https:\/\/daniel-behmenburg.de\/index.php?rest_route=\/wp\/v2\/posts\/1216\/revisions"}],"predecessor-version":[{"id":1217,"href":"https:\/\/daniel-behmenburg.de\/index.php?rest_route=\/wp\/v2\/posts\/1216\/revisions\/1217"}],"wp:attachment":[{"href":"https:\/\/daniel-behmenburg.de\/index.php?rest_route=%2Fwp%2Fv2%2Fmedia&parent=1216"}],"wp:term":[{"taxonomy":"category","embeddable":true,"href":"https:\/\/daniel-behmenburg.de\/index.php?rest_route=%2Fwp%2Fv2%2Fcategories&post=1216"},{"taxonomy":"post_tag","embeddable":true,"href":"https:\/\/daniel-behmenburg.de\/index.php?rest_route=%2Fwp%2Fv2%2Ftags&post=1216"}],"curies":[{"name":"wp","href":"https:\/\/api.w.org\/{rel}","templated":true}]}}