{"id":1213,"date":"2020-09-02T08:47:13","date_gmt":"2020-09-02T08:47:13","guid":{"rendered":"http:\/\/daniel-behmenburg.de\/?p=1213"},"modified":"2020-12-23T11:57:47","modified_gmt":"2020-12-23T11:57:47","slug":"bezirksspaziergang-von-spd-fraktion-und-wastewalk-e-v-am-5-september-um-11-uhr","status":"publish","type":"post","link":"https:\/\/daniel-behmenburg.de\/?p=1213","title":{"rendered":"Bezirksspaziergang von SPD-Fraktion und WasteWalk e.V. am 5. September um 11 Uhr"},"content":{"rendered":"\n<p><strong>Am Samstag wird wieder f\u00fcr ein sauberes Kettwig spaziert.<\/strong><\/p>\n\n\n\n<p>Die Coronapandemie bedeutete auch f\u00fcr viele Monate das Aus f\u00fcr die Bezirksspazierg\u00e4nge f\u00fcr saubere Stadtteile der SPD-Fraktion in der Bezirksvertretung IX. Der erneute Startschuss f\u00fcr die Reihe gemeinsam mit dem Verein WasteWalk e.V. im August war ein voller Erfolg. Damals schon wurde angek\u00fcndigt, Anfang September gemeinsam weiter zu machen. \u201eAm kommenden Samstag ist es nun soweit. Wir freuen uns sehr, dass die Aktion so gut angenommen wurde. Ein wenig die frische Luft genie\u00dfen und dabei noch dem Stadtteil etwas Gutes tun, daf\u00fcr kann man sich Samstagvormittags doch mal Zeit nehmen\u201c, so Markus Franken von WasteWalk e.v. und Daniel Behmenburg, Vorsitzender der SPD-Fraktion in der Bezirksvertretung IX.<\/p>\n\n\n\n<p><strong>Helfende H\u00e4nde sind herzlich willkommen. Treffpunkt ist am kommenden Samstag, den 5. September, um 11.00 an der Br\u00fccke am M\u00fchlengraben in Kettwig.<\/strong><\/p>\n\n\n\n<p>Auf die Coronaschutzverordnung wird verwiesen. Zur besseren Planung sind wir f\u00fcr eine Anmeldung unter anmeldung@kettwigander.ruhr dankbar, diese ist aber nicht verpflichtend. Bitte halten Sie w\u00e4hrend des Spaziergangs einen Sicherheitsabstand zu den anderen Teilnehmerinnen und Teilnehmern und tragen Sie dort, wo dieser Abstand einmal nicht m\u00f6glich ist, eine Mund-Nase-Bedeckung.<\/p>\n\n\n\n<p>Bitte bringen Sie sich soweit vorhanden eigene Arbeitshandschuhe mit.<\/p>\n","protected":false},"excerpt":{"rendered":"<p>Am Samstag wird wieder f\u00fcr ein sauberes Kettwig spaziert. Die Coronapandemie bedeutete auch f\u00fcr viele Monate das Aus f\u00fcr die Bezirksspazierg\u00e4nge f\u00fcr saubere Stadtteile der SPD-Fraktion in der Bezirksvertretung IX. Der erneute Startschuss f\u00fcr die Reihe gemeinsam mit dem Verein WasteWalk e.V. im August war ein voller Erfolg. Damals schon [&hellip;]<\/p>\n","protected":false},"author":1,"featured_media":0,"comment_status":"closed","ping_status":"open","sticky":false,"template":"","format":"standard","meta":{"footnotes":""},"categories":[6],"tags":[160,143,168,85,161,145,159],"class_list":["post-1213","post","type-post","status-publish","format-standard","hentry","category-kettwig","tag-bezirksspaziergang","tag-muell","tag-sauberes-kettwig","tag-sauberkeit","tag-spd-fraktion-bv-ix","tag-vermuellung","tag-wastewalk"],"_links":{"self":[{"href":"https:\/\/daniel-behmenburg.de\/index.php?rest_route=\/wp\/v2\/posts\/1213","targetHints":{"allow":["GET"]}}],"collection":[{"href":"https:\/\/daniel-behmenburg.de\/index.php?rest_route=\/wp\/v2\/posts"}],"about":[{"href":"https:\/\/daniel-behmenburg.de\/index.php?rest_route=\/wp\/v2\/types\/post"}],"author":[{"embeddable":true,"href":"https:\/\/daniel-behmenburg.de\/index.php?rest_route=\/wp\/v2\/users\/1"}],"replies":[{"embeddable":true,"href":"https:\/\/daniel-behmenburg.de\/index.php?rest_route=%2Fwp%2Fv2%2Fcomments&post=1213"}],"version-history":[{"count":1,"href":"https:\/\/daniel-behmenburg.de\/index.php?rest_route=\/wp\/v2\/posts\/1213\/revisions"}],"predecessor-version":[{"id":1214,"href":"https:\/\/daniel-behmenburg.de\/index.php?rest_route=\/wp\/v2\/posts\/1213\/revisions\/1214"}],"wp:attachment":[{"href":"https:\/\/daniel-behmenburg.de\/index.php?rest_route=%2Fwp%2Fv2%2Fmedia&parent=1213"}],"wp:term":[{"taxonomy":"category","embeddable":true,"href":"https:\/\/daniel-behmenburg.de\/index.php?rest_route=%2Fwp%2Fv2%2Fcategories&post=1213"},{"taxonomy":"post_tag","embeddable":true,"href":"https:\/\/daniel-behmenburg.de\/index.php?rest_route=%2Fwp%2Fv2%2Ftags&post=1213"}],"curies":[{"name":"wp","href":"https:\/\/api.w.org\/{rel}","templated":true}]}}