{"id":1143,"date":"2020-08-14T06:18:21","date_gmt":"2020-08-14T06:18:21","guid":{"rendered":"http:\/\/daniel-behmenburg.de\/?p=1143"},"modified":"2020-12-23T11:57:48","modified_gmt":"2020-12-23T11:57:48","slug":"spd-kettwig-beginnt-mit-themenwoche-zu-einem-familienfreundlichen-kettwig-fuer-alle-generationen","status":"publish","type":"post","link":"https:\/\/daniel-behmenburg.de\/?p=1143","title":{"rendered":"SPD Kettwig beginnt mit Themenwoche zu einem familienfreundlichen Kettwig f\u00fcr alle Generationen"},"content":{"rendered":"\n<p>\u201eUnsere dritte Themenwoche ist den Ideen f\u00fcr ein familienfreundliches Kettwig gewidmet. Ich freue mich sehr, dass unser Oberb\u00fcrgermeisterkandidat Oliver Kern, der aufgrund seiner fr\u00fcheren Gesch\u00e4ftsf\u00fchrert\u00e4tigkeit beim VkJ und nun bei der AWO Fachmann auf dem Kita-Gebiet ist, am kommenden Samstag ab 13 Uhr an unserem Infostand bei REWE Lenk zu Gast ist. Zu Beginn des neuen Kitajahres nimmt er gerne Hinweise entgegen und steht auch bei R\u00fcckfragen mit Rat und Tat zur Seite. Auch bei dieser Themenwoche gilt: Wir haben Diskussionsimpulse. Keine fertigen Antworten. Denn diese m\u00f6chten wir gemeinsam mit den B\u00fcrgerinnen und B\u00fcrgern entwickeln\u201c, so der Vorsitzende der SPD in Kettwig Daniel Behmenburg.<\/p>\n\n\n\n<p>\u201eKettwig ist ein beliebter Wohnort f\u00fcr junge Familien. Diesem Anspruch m\u00fcssen die Infrastruktur und die Freizeitangebote gerecht werden. Der Kitaausbau ist hierbei ein wichtiges Thema. Aber auch die Grundschulsituation ist ein wichtiger Standortfaktor. Dass bereits so lange Stillstand bei dem Neubau der Schule an der Ruhr herrscht, empfinde ich als einen unhaltbaren Zustand\u201c, erl\u00e4utert Ratskandidatin Susanne Gilbert.&nbsp; \u201eWir fragen: was brauchen junge Familien, was brauchen Familien mit \u00e4lteren Kindern? Welche Erwartungen haben sie? Wo wollen sie sich vielleicht auch selber mit einbringen?\u201c<\/p>\n\n\n\n<p>\u201eFamilie hei\u00dft aber auch, dass die verschiedenen Generationen hier gut miteinander leben k\u00f6nnen. Man soll hier nicht nur gut aufwachsen und alt werden k\u00f6nnen, man hier auch zufrieden im Alter leben k\u00f6nnen. F\u00fcr unsere Jugendlichen m\u00fcssen wir altersgerechte R\u00fcckzugsr\u00e4ume und Aufenthaltsorte schaffen Dar\u00fcber hinaus kann ich mir noch viele Kleinigkeiten vorstellen, die unser Dorf noch attraktiver machen. Ich freue mich, dar\u00fcber mit Ihnen ins Gespr\u00e4ch zu kommen\u201c, erg\u00e4nzt Ratskandidat Daniel Behmenburg.&nbsp;<\/p>\n\n\n\n<p><strong>Am kommenden Samstag, den 15. August laden die Kettwiger Sozialdemokraten ab 10 Uhr ein, \u00fcber dieses und andere Themen ins Gespr\u00e4ch zu kommen: Vor dem MarKett (Hauptstra\u00dfe 43-61) und in Kettwig vor der Br\u00fccke an der Ecke Ringstra\u00dfe\/ Werdener Stra\u00dfe. Ab 13 Uhr wird der Oberb\u00fcrgermeisterkandidat Oliver Kern vor dem MarKett zu Gast sein.<\/strong><\/p>\n\n\n\n<p><em>Die Postkarte zum Thema, die unsere Ratskandidaten jeweils mit Oliver Kern aufgelegt haben, ist an dem Stand erh\u00e4ltlich, wird in einigen Kettwiger Briefk\u00e4sten zu finden sein (nat\u00fcrlich nur dort, wo Werbung erw\u00fcnscht ist) und kann ab Samstag auf <a href=\"http:\/\/www.spd-kettwig.de\/\" target=\"_blank\" rel=\"noreferrer noopener\">www.spd-kettwig.de<\/a> nachgelesen werden.<\/em><\/p>\n","protected":false},"excerpt":{"rendered":"<p>\u201eUnsere dritte Themenwoche ist den Ideen f\u00fcr ein familienfreundliches Kettwig gewidmet. Ich freue mich sehr, dass unser Oberb\u00fcrgermeisterkandidat Oliver Kern, der aufgrund seiner fr\u00fcheren Gesch\u00e4ftsf\u00fchrert\u00e4tigkeit beim VkJ und nun bei der AWO Fachmann auf dem Kita-Gebiet ist, am kommenden Samstag ab 13 Uhr an unserem Infostand bei REWE Lenk zu [&hellip;]<\/p>\n","protected":false},"author":1,"featured_media":0,"comment_status":"closed","ping_status":"open","sticky":false,"template":"","format":"standard","meta":{"footnotes":""},"categories":[6],"tags":[164,165,166,57,58,59,167],"class_list":["post-1143","post","type-post","status-publish","format-standard","hentry","category-kettwig","tag-familien","tag-familienfreundlich","tag-generationen","tag-kettwig","tag-kommunalwahl","tag-kommunalwahl-2020","tag-miteinander"],"_links":{"self":[{"href":"https:\/\/daniel-behmenburg.de\/index.php?rest_route=\/wp\/v2\/posts\/1143","targetHints":{"allow":["GET"]}}],"collection":[{"href":"https:\/\/daniel-behmenburg.de\/index.php?rest_route=\/wp\/v2\/posts"}],"about":[{"href":"https:\/\/daniel-behmenburg.de\/index.php?rest_route=\/wp\/v2\/types\/post"}],"author":[{"embeddable":true,"href":"https:\/\/daniel-behmenburg.de\/index.php?rest_route=\/wp\/v2\/users\/1"}],"replies":[{"embeddable":true,"href":"https:\/\/daniel-behmenburg.de\/index.php?rest_route=%2Fwp%2Fv2%2Fcomments&post=1143"}],"version-history":[{"count":1,"href":"https:\/\/daniel-behmenburg.de\/index.php?rest_route=\/wp\/v2\/posts\/1143\/revisions"}],"predecessor-version":[{"id":1144,"href":"https:\/\/daniel-behmenburg.de\/index.php?rest_route=\/wp\/v2\/posts\/1143\/revisions\/1144"}],"wp:attachment":[{"href":"https:\/\/daniel-behmenburg.de\/index.php?rest_route=%2Fwp%2Fv2%2Fmedia&parent=1143"}],"wp:term":[{"taxonomy":"category","embeddable":true,"href":"https:\/\/daniel-behmenburg.de\/index.php?rest_route=%2Fwp%2Fv2%2Fcategories&post=1143"},{"taxonomy":"post_tag","embeddable":true,"href":"https:\/\/daniel-behmenburg.de\/index.php?rest_route=%2Fwp%2Fv2%2Ftags&post=1143"}],"curies":[{"name":"wp","href":"https:\/\/api.w.org\/{rel}","templated":true}]}}