{"id":1128,"date":"2020-08-06T08:00:16","date_gmt":"2020-08-06T08:00:16","guid":{"rendered":"http:\/\/daniel-behmenburg.de\/?p=1128"},"modified":"2020-12-23T11:57:48","modified_gmt":"2020-12-23T11:57:48","slug":"verkehrsideen-fuer-ein-neues-jahrzehnt","status":"publish","type":"post","link":"https:\/\/daniel-behmenburg.de\/?p=1128","title":{"rendered":"Themenwoche Nr. 2. Verkehrsideen f\u00fcr ein neues Jahrzehnt."},"content":{"rendered":"\n<p><strong>SPD in Kettwig m\u00f6chte \u00fcber die Mobilit\u00e4t der Zukunft diskutieren.<\/strong><\/p>\n\n\n\n<p>\u201eEin Thema, das viele Kettwigerinnen und Kettwiger interessiert und auch betrifft, ist die Mobilit\u00e4t der Zukunft. Denn so wie heute kann es nicht bleiben. Da ist noch sehr viel Luft nach oben. Viele Menschen w\u00e4ren bereit, das Auto auch mal stehen zu lassen. Aber nur dann, wenn Sie anders auch gut, sicher und problemlos von A nach B kommen. Und genau \u00fcber diese Anforderungen an einen modernen Nahverkehr, an gute Radwege und sichere Gehwege m\u00f6chten wir in der kommenden Themenwoche mehr erfahren. Wie auch in der letzten Woche liefern wir nur Diskussionsimpulse, keine fertigen Konzepte. Diese wollen wir mit den Menschen hier erarbeiten\u201c, so Daniel Behmenburg, Vorsitzender der SPD in Kettwig.&nbsp;<\/p>\n\n\n\n<p>\u201eWie wollen wir unterwegs sein, welche Verkehrsmittel nutzen? Dazu geh\u00f6rt auch die Frage, wo kann ich mein Auto abstellen und wie komme ich von da weiter? Was muss generell an Infrastruktur vorhanden sein, um einen schnellen Wechsel zwischen den Verkehrsmitteln zu erm\u00f6glichen?&nbsp; F\u00fcr die mobilit\u00e4tseingeschr\u00e4nkten Menschen wird das Auto aber weiterhin fester Bestandteil f\u00fcr ein selbstbestimmtes Leben sein. Auch an sie m\u00fcssen wir denken. Parkraum in den Stadtteilzentren m\u00fcssen wir f\u00fcr sie vorhalten. Bus und Bahn und die Haltepunkte m\u00fcssen zeitgem\u00e4\u00df und barrierefrei f\u00fcr jedermann nutzbar sein. Deshalb muss der S-Bahnhof Stausee so schnell als m\u00f6glich modernisiert werden\u201c, so die Ratskandidatin f\u00fcr den Wahlkreis 28 Susanne Gilbert in einem ersten Statement.<\/p>\n\n\n\n<p>\u201eAutofahrer, Freizeitradler, Geschwindigkeitsradler, Fu\u00dfg\u00e4nger, Nutzer von Bus und Bahn \u2013 auch hier hei\u00dft das Zauberwort \u201egemeinsam\u201c. Ein neues Verkehrsbewusstsein bekommen wir nur zusammen &#8211; in gegenseitigem Respekt, mit R\u00fccksicht und vielleicht auch mal mit einem zugedr\u00fcckten Auge. Mit vielen Generationen mobil sein, hei\u00dft auch, f\u00fcr verschiedene Geschwindigkeiten ma\u00dfgeschneiderte L\u00f6sungen zu finden. Das wird eine Herausforderung, aber das werden wir gemeinsam meistern. Ich bin da hier im Dorf guter Dinge\u201c, erg\u00e4nzt Daniel Behmenburg, Ratskandidat f\u00fcr den Wahlkreis 42.<\/p>\n\n\n\n<p><strong>Am kommenden Samstag, den 8. August laden die Kettwiger Sozialdemokraten ab 10 Uhr ein, \u00fcber dieses und andere Themen ins Gespr\u00e4ch zu kommen: Auf dem M\u00e4rchenbrunnenplatz (Ecke Schulstra\u00dfe\/ Hauptstra\u00dfe) und in Kettwig vor der Br\u00fccke an der Ecke Ringstra\u00dfe\/ Werdener Stra\u00dfe.<\/strong><\/p>\n\n\n\n<p><em>Die Postkarte zum Thema, die unsere Ratskandidaten jeweils mit Oliver Kern aufgelegt haben, ist an dem Stand erh\u00e4ltlich, wird in einigen Kettwiger Briefk\u00e4sten zu finden sein (nat\u00fcrlich nur dort, wo Werbung erw\u00fcnscht ist) und kann ab Samstag auf www.spd-kettwig.de nachgelesen werden.<\/em><\/p>\n","protected":false},"excerpt":{"rendered":"<p>SPD in Kettwig m\u00f6chte \u00fcber die Mobilit\u00e4t der Zukunft diskutieren. \u201eEin Thema, das viele Kettwigerinnen und Kettwiger interessiert und auch betrifft, ist die Mobilit\u00e4t der Zukunft. Denn so wie heute kann es nicht bleiben. Da ist noch sehr viel Luft nach oben. Viele Menschen w\u00e4ren bereit, das Auto auch mal [&hellip;]<\/p>\n","protected":false},"author":1,"featured_media":0,"comment_status":"closed","ping_status":"open","sticky":false,"template":"","format":"standard","meta":{"footnotes":""},"categories":[6],"tags":[57,121,58,59,152,163],"class_list":["post-1128","post","type-post","status-publish","format-standard","hentry","category-kettwig","tag-kettwig","tag-kettwig-vor-der-bruecke","tag-kommunalwahl","tag-kommunalwahl-2020","tag-verkehr","tag-verkehrsideen"],"_links":{"self":[{"href":"https:\/\/daniel-behmenburg.de\/index.php?rest_route=\/wp\/v2\/posts\/1128","targetHints":{"allow":["GET"]}}],"collection":[{"href":"https:\/\/daniel-behmenburg.de\/index.php?rest_route=\/wp\/v2\/posts"}],"about":[{"href":"https:\/\/daniel-behmenburg.de\/index.php?rest_route=\/wp\/v2\/types\/post"}],"author":[{"embeddable":true,"href":"https:\/\/daniel-behmenburg.de\/index.php?rest_route=\/wp\/v2\/users\/1"}],"replies":[{"embeddable":true,"href":"https:\/\/daniel-behmenburg.de\/index.php?rest_route=%2Fwp%2Fv2%2Fcomments&post=1128"}],"version-history":[{"count":2,"href":"https:\/\/daniel-behmenburg.de\/index.php?rest_route=\/wp\/v2\/posts\/1128\/revisions"}],"predecessor-version":[{"id":1145,"href":"https:\/\/daniel-behmenburg.de\/index.php?rest_route=\/wp\/v2\/posts\/1128\/revisions\/1145"}],"wp:attachment":[{"href":"https:\/\/daniel-behmenburg.de\/index.php?rest_route=%2Fwp%2Fv2%2Fmedia&parent=1128"}],"wp:term":[{"taxonomy":"category","embeddable":true,"href":"https:\/\/daniel-behmenburg.de\/index.php?rest_route=%2Fwp%2Fv2%2Fcategories&post=1128"},{"taxonomy":"post_tag","embeddable":true,"href":"https:\/\/daniel-behmenburg.de\/index.php?rest_route=%2Fwp%2Fv2%2Ftags&post=1128"}],"curies":[{"name":"wp","href":"https:\/\/api.w.org\/{rel}","templated":true}]}}