{"id":1116,"date":"2020-07-28T20:00:00","date_gmt":"2020-07-28T20:00:00","guid":{"rendered":"http:\/\/daniel-behmenburg.de\/?p=1116"},"modified":"2020-12-23T11:57:48","modified_gmt":"2020-12-23T11:57:48","slug":"bezirksspaziergang-meets-wastewalk-spazieren-fuer-ein-sauberes-kettwig","status":"publish","type":"post","link":"https:\/\/daniel-behmenburg.de\/?p=1116","title":{"rendered":"Bezirksspaziergang meets WasteWalk \u2013 Spazieren f\u00fcr ein sauberes Kettwig"},"content":{"rendered":"\n<p>SPD-Fraktion in der BV IX startet wieder mit ihrer Aktion f\u00fcr mehr Sauberkeit im Stadtbezirk.<\/p>\n\n\n\n<p>Bereits seit Ende 2018 l\u00e4dt die SPD-Fraktion in der Bezirksvertretung IX regelm\u00e4\u00dfig zu Bezirksspazierg\u00e4ngen ein. \u201eNeben dem Erleben der Landschaft vor der eigenen Haust\u00fcr sammeln wir dabei auch immer M\u00fcll und Unrat ein, der dort achtlos weggeworfen wurde. Coronabedingt haben wir einige Zeit pausiert, wollen aber nun vorsichtig wieder durchstarten. Ich freue mich, dass wir dieses Mal auf die tatkr\u00e4ftige Unterst\u00fctzung von Marcus Franken vom Verein WasteWalk z\u00e4hlen k\u00f6nnen. Sch\u00f6n, dass er seine Erfahrung in unserem Dorf einbringt. Mit dabei ist wie schon h\u00e4ufiger auch Oliver Kern, Oberb\u00fcrgermeisterkandidat der SPD in Essen\u201c, so der Vorsitzende der SPD-Fraktion in der Bezirksvertretung IX Daniel Behmenburg.<\/p>\n\n\n\n<p>Marcus Franken, der mit einigen Mitstreiterinnen und Mitstreitern den gemeinn\u00fctzigen Verein offiziell im Juli 2019 gegr\u00fcndet hat, erg\u00e4nzt: \u201eSeit Ende 2017 sind wir bereits f\u00fcr saubere Quartiere auch \u00fcber Essen Stadtgrenzen hinaus aktiv. Unserem Motto \u201aMachen ist wie wollen, nur krasser\u2018 werden wir dabei immer gerecht. Wir freuen uns, nun gemeinsam mit der SPD-Fraktion im Stadtbezirk auch erstmalig in Kettwig unterwegs zu sein.\u201c<\/p>\n\n\n\n<p>Helfende H\u00e4nde sind herzlich willkommen. Treffpunkt ist am kommenden Samstag, den 1. August, um 12.00 an der Br\u00fccke am M\u00fchlengraben in Kettwig. Auf die Coronaschutzverordnung wird verwiesen. Zur besseren Planung sind wir f\u00fcr eine Anmeldung unter&nbsp;<a href=\"mailto:anmeldung@kettwigander.ruhr\">anmeldung@kettwigander.ruhr<\/a>&nbsp;dankbar, diese ist aber nicht verpflichtend. Bitte halten Sie w\u00e4hrend des Spaziergangs einen Sicherheitsabstand zu den anderen Teilnehmerinnen und Teilnehmern und tragen Sie dort, wo dieser Abstand einmal nicht m\u00f6glich ist, eine Mund-Nase-Bedeckung. Bitte bringen Sie sich soweit vorhanden eigene Arbeitshandschuhe mit.<\/p>\n","protected":false},"excerpt":{"rendered":"<p>SPD-Fraktion in der BV IX startet wieder mit ihrer Aktion f\u00fcr mehr Sauberkeit im Stadtbezirk. Bereits seit Ende 2018 l\u00e4dt die SPD-Fraktion in der Bezirksvertretung IX regelm\u00e4\u00dfig zu Bezirksspazierg\u00e4ngen ein. \u201eNeben dem Erleben der Landschaft vor der eigenen Haust\u00fcr sammeln wir dabei auch immer M\u00fcll und Unrat ein, der dort [&hellip;]<\/p>\n","protected":false},"author":1,"featured_media":0,"comment_status":"closed","ping_status":"open","sticky":false,"template":"","format":"standard","meta":{"footnotes":""},"categories":[6],"tags":[160,143,161,145,159,162],"class_list":["post-1116","post","type-post","status-publish","format-standard","hentry","category-kettwig","tag-bezirksspaziergang","tag-muell","tag-spd-fraktion-bv-ix","tag-vermuellung","tag-wastewalk","tag-wir-packen-an"],"_links":{"self":[{"href":"https:\/\/daniel-behmenburg.de\/index.php?rest_route=\/wp\/v2\/posts\/1116","targetHints":{"allow":["GET"]}}],"collection":[{"href":"https:\/\/daniel-behmenburg.de\/index.php?rest_route=\/wp\/v2\/posts"}],"about":[{"href":"https:\/\/daniel-behmenburg.de\/index.php?rest_route=\/wp\/v2\/types\/post"}],"author":[{"embeddable":true,"href":"https:\/\/daniel-behmenburg.de\/index.php?rest_route=\/wp\/v2\/users\/1"}],"replies":[{"embeddable":true,"href":"https:\/\/daniel-behmenburg.de\/index.php?rest_route=%2Fwp%2Fv2%2Fcomments&post=1116"}],"version-history":[{"count":1,"href":"https:\/\/daniel-behmenburg.de\/index.php?rest_route=\/wp\/v2\/posts\/1116\/revisions"}],"predecessor-version":[{"id":1117,"href":"https:\/\/daniel-behmenburg.de\/index.php?rest_route=\/wp\/v2\/posts\/1116\/revisions\/1117"}],"wp:attachment":[{"href":"https:\/\/daniel-behmenburg.de\/index.php?rest_route=%2Fwp%2Fv2%2Fmedia&parent=1116"}],"wp:term":[{"taxonomy":"category","embeddable":true,"href":"https:\/\/daniel-behmenburg.de\/index.php?rest_route=%2Fwp%2Fv2%2Fcategories&post=1116"},{"taxonomy":"post_tag","embeddable":true,"href":"https:\/\/daniel-behmenburg.de\/index.php?rest_route=%2Fwp%2Fv2%2Ftags&post=1116"}],"curies":[{"name":"wp","href":"https:\/\/api.w.org\/{rel}","templated":true}]}}