{"id":1114,"date":"2020-07-29T20:00:00","date_gmt":"2020-07-29T20:00:00","guid":{"rendered":"http:\/\/daniel-behmenburg.de\/?p=1114"},"modified":"2020-12-23T11:57:48","modified_gmt":"2020-12-23T11:57:48","slug":"wie-wollen-wir-wohnen-spd-kettwig-startet-erste-themenwoche-zur-kommunalwahl-2020","status":"publish","type":"post","link":"https:\/\/daniel-behmenburg.de\/?p=1114","title":{"rendered":"Wie wollen wir wohnen? SPD Kettwig startet erste Themenwoche zur Kommunalwahl 2020."},"content":{"rendered":"\n<p>\u201eWir wollen mit den Kettwigerinnen und Kettwigern \u00fcber die vielen Themen ins Gespr\u00e4ch kommen, bei denen der Schuh dr\u00fcckt. Als kleinen Aufh\u00e4nger wird es eine Postkarte unserer beiden Ratskandidaten und unseres Oberb\u00fcrgermeisterkandidaten Oliver Kern geben, die zum Diskutieren anregen soll\u201c, erl\u00e4utert der Vorsitzende der SPD in Kettwig Daniel Behmenburg. \u201eBeginnen werden wir mit der Frage \u201aWie wollen wir wohnen?\u2018. Dabei werden wir bewusst nur Impulse geben und keine fertigen Konzepte liefern, sondern diese gemeinsam mit den interessierten B\u00fcrgerinnen und B\u00fcrgern entwickeln. Daf\u00fcr bieten wir pers\u00f6nliche Gespr\u00e4che, Meinungskarten und die digitale Diskussion an.\u201c<\/p>\n\n\n\n<p>\u201eIn der Vergangenheit wurde das Thema \u201aWohnen\u2018 h\u00e4ufig nur auf die Fl\u00e4chenfrage beschr\u00e4nkt. Dabei muss doch der erste Schritt sein, dass wir uns fragen, wie wir wohnen wollen. Welche Anspr\u00fcche gibt es an modernen Wohnraum? Wie muss ein attraktives Umfeld aussehen? Wie k\u00f6nnen wir ein generationen\u00fcbergreifendes Wohnen erm\u00f6glichen? Das sind doch die spannenden Fragen, mit denen wir uns befassen m\u00fcssen\u201c, so Susanne Gilbert, Ratskandidatin f\u00fcr den Wahlkreis 28 (Kettwiger Osten und Kettwig vor der Br\u00fccke).<\/p>\n\n\n\n<p>\u201eF\u00fcr mich ist es wichtig, dass Wohnen hier bezahlbar bleibt. Auch Menschen mit einem \u201anormalen\u2018 Einkommen sollen sich in Kettwig und Umgebung weiterhin eine Wohnung oder vielleicht sogar ein kleines Eigenheim f\u00fcr die Familie leisten k\u00f6nnen. Das gilt auch f\u00fcr die \u00e4ltere Generation, die hier weiter mit der Rente zurecht kommen soll, ohne dass diese von der Miete aufgezehrt wird\u201c, erg\u00e4nzt Daniel Behmenburg, Ratskandidat f\u00fcr den Wahlkreis 42 (Kettwiger Ortskern, Ickten, Auf der H\u00f6he und das Schmachtenbergviertel).&nbsp;<\/p>\n\n\n\n<p><strong>Am kommenden Samstag, den 1. August laden die Kettwiger Sozialdemokraten ab 10 Uhr ein, \u00fcber dieses und andere Themen ins Gespr\u00e4ch zu kommen: Am M\u00e4rchenbrunnenplatz (Hauptstra\u00dfe Ecke Schulstra\u00dfe) und in Kettwig vor der Br\u00fccke an der Ecke Ringstra\u00dfe\/ Werdener Stra\u00dfe.<\/strong><\/p>\n\n\n\n<p><em>Die Postkarte zum Thema, die unsere Ratskandidaten jeweils mit Oliver Kern aufgelegt haben, ist an dem Stand erh\u00e4ltlich, wird in einigen Kettwiger Briefk\u00e4sten zu finden sein (nat\u00fcrlich nur dort, wo Werbung erw\u00fcnscht ist) und kann ab Samstag auf www.spd-kettwig.de nachgelesen werden.<\/em><\/p>\n","protected":false},"excerpt":{"rendered":"<p>\u201eWir wollen mit den Kettwigerinnen und Kettwigern \u00fcber die vielen Themen ins Gespr\u00e4ch kommen, bei denen der Schuh dr\u00fcckt. Als kleinen Aufh\u00e4nger wird es eine Postkarte unserer beiden Ratskandidaten und unseres Oberb\u00fcrgermeisterkandidaten Oliver Kern geben, die zum Diskutieren anregen soll\u201c, erl\u00e4utert der Vorsitzende der SPD in Kettwig Daniel Behmenburg. \u201eBeginnen [&hellip;]<\/p>\n","protected":false},"author":1,"featured_media":0,"comment_status":"closed","ping_status":"open","sticky":false,"template":"","format":"standard","meta":{"footnotes":""},"categories":[6],"tags":[57,59,158,156,157,133],"class_list":["post-1114","post","type-post","status-publish","format-standard","hentry","category-kettwig","tag-kettwig","tag-kommunalwahl-2020","tag-stadtentwicklung","tag-themenwoche","tag-wie-wollen-wir-wohnen","tag-wohnen"],"_links":{"self":[{"href":"https:\/\/daniel-behmenburg.de\/index.php?rest_route=\/wp\/v2\/posts\/1114","targetHints":{"allow":["GET"]}}],"collection":[{"href":"https:\/\/daniel-behmenburg.de\/index.php?rest_route=\/wp\/v2\/posts"}],"about":[{"href":"https:\/\/daniel-behmenburg.de\/index.php?rest_route=\/wp\/v2\/types\/post"}],"author":[{"embeddable":true,"href":"https:\/\/daniel-behmenburg.de\/index.php?rest_route=\/wp\/v2\/users\/1"}],"replies":[{"embeddable":true,"href":"https:\/\/daniel-behmenburg.de\/index.php?rest_route=%2Fwp%2Fv2%2Fcomments&post=1114"}],"version-history":[{"count":1,"href":"https:\/\/daniel-behmenburg.de\/index.php?rest_route=\/wp\/v2\/posts\/1114\/revisions"}],"predecessor-version":[{"id":1115,"href":"https:\/\/daniel-behmenburg.de\/index.php?rest_route=\/wp\/v2\/posts\/1114\/revisions\/1115"}],"wp:attachment":[{"href":"https:\/\/daniel-behmenburg.de\/index.php?rest_route=%2Fwp%2Fv2%2Fmedia&parent=1114"}],"wp:term":[{"taxonomy":"category","embeddable":true,"href":"https:\/\/daniel-behmenburg.de\/index.php?rest_route=%2Fwp%2Fv2%2Fcategories&post=1114"},{"taxonomy":"post_tag","embeddable":true,"href":"https:\/\/daniel-behmenburg.de\/index.php?rest_route=%2Fwp%2Fv2%2Ftags&post=1114"}],"curies":[{"name":"wp","href":"https:\/\/api.w.org\/{rel}","templated":true}]}}