{"id":11,"date":"2008-06-26T10:00:00","date_gmt":"2008-06-26T10:00:00","guid":{"rendered":"http:\/\/danielbehmenburg.wordpress.com\/2008\/06\/26\/vorstellung-der-larmkartierung-und-larmaktionsplanung-fur-spd-im-bezirk-ix-eine-herbe-enttauschung"},"modified":"2008-06-26T10:00:00","modified_gmt":"2008-06-26T10:00:00","slug":"vorstellung-der-larmkartierung-und-larmaktionsplanung-fur-spd-im-bezirk-ix-eine-herbe-enttauschung","status":"publish","type":"post","link":"https:\/\/daniel-behmenburg.de\/?p=11","title":{"rendered":"Vorstellung der L\u00e4rmkartierung und L\u00e4rmaktionsplanung f\u00fcr SPD im Bezirk IX eine herbe Entt\u00e4uschung!"},"content":{"rendered":"<p>Mit fast einem Jahr Versp\u00e4tung hat die Stadt Essen nun die L\u00e4rmkartierung und L\u00e4rmaktionsplanung vorgestellt. Das Ergebnis ist f\u00fcr die Sozialdemokraten in der Bezirksvertretung IX mehr als entt\u00e4uschend. <\/p>\n<p>Dazu der Fraktionsvorsitzende Daniel Behmenburg:  \u201eWas uns hier pr\u00e4sentiert wurde, ist lediglich ein Produkt von errechneten Werten, die mit der Wirklichkeit nur sehr wenig zu tun haben. Keine dieser Zahlen wurde vor Ort anhand von gemessenen Werten auf Ihre Richtigkeit \u00fcberpr\u00fcft. Insbesondere merkt man diesen b\u00fcrokratischen Wahnsinn an der Thematik Flugl\u00e4rm. Laut der L\u00e4rmkarte gibt es im Essener S\u00fcden au\u00dfer in einem ganz kleinen Teil von Kettwig dieses Problem nicht, nach 22 Uhr h\u00f6rt man angeblich nirgendwo im Essener Stadtgebiet einen Flieger. Das ist eine Verh\u00f6hnung der B\u00fcrgerinnen und B\u00fcrger unserer Stadt. Hier muss unbedingt nachgebessert werden und die Berechnungsgrundlagen m\u00fcssen \u00fcberpr\u00fcft werden.\u201c<\/p>\n<p>Harald Neef,  stellvertretender SPD-Fraktionsvorsitzender in der Bezirksvertretung IX, wohnt selber in Kettwig auf der H\u00f6he und kennt somit den teilweise nicht zu ertragenden L\u00e4rm: \u201eTags\u00fcber fliegen die Flugzeuge in einem sehr kurzem Rhythmus \u00fcber uns hinweg, Gespr\u00e4che m\u00fcssen hier teilweise unterbrochen werden &#8211; so laut sind die Maschinen. Am Abend kann man bei offenem Fenster nicht in Ruhe die Nachrichten schauen, gerade im Sommer ein Problem. Doch laut der L\u00e4rmkartierung gibt es bei uns keinen L\u00e4rm: Er ist also faktisch vorhanden, rechnerisch aber nicht. Das ist nicht zu erkl\u00e4ren! Es entsteht der Eindruck, dass die Stadt hier ein Interesse daran hat, den L\u00e4rm klein zu rechnen!\u201c <\/p>\n<p>Besonders entt\u00e4uscht ist Behmenburg vom Verhalten der zust\u00e4ndigen Dezernentin Simone Raskob: \u201eWas mich mehr als nachdenklich stimmt, ist das Verhalten von Frau Raskob. Den Termin f\u00fcr die Information der Bezirksvertretungen und B\u00fcrger legt sie mit dem 24. Juni auf die Sitzungen der Bezirksvertretungen I, V und IX und mit 14 Uhr zur besten Arbeitszeit der B\u00fcrger unserer Stadt, auf Schreiben reagiert sie nicht, erbetene Informationen werden nicht geliefert. Wenn die B\u00fcrger, Politik und Verwaltung diesen Weg gemeinsam gehen sollen, dann muss Frau Raskob ihr Selbstverst\u00e4ndnis dringend \u00fcberdenken!\u201c<\/p>\n","protected":false},"excerpt":{"rendered":"<p>Mit fast einem Jahr Versp\u00e4tung hat die Stadt Essen nun die L\u00e4rmkartierung und L\u00e4rmaktionsplanung vorgestellt. Das Ergebnis ist f\u00fcr die Sozialdemokraten in der Bezirksvertretung IX mehr als entt\u00e4uschend. Dazu der Fraktionsvorsitzende Daniel Behmenburg: \u201eWas uns hier pr\u00e4sentiert wurde, ist lediglich ein Produkt von errechneten Werten, die mit der Wirklichkeit nur [&hellip;]<\/p>\n","protected":false},"author":1,"featured_media":0,"comment_status":"open","ping_status":"open","sticky":false,"template":"","format":"standard","meta":{"footnotes":""},"categories":[1],"tags":[],"class_list":["post-11","post","type-post","status-publish","format-standard","hentry","category-uncategorized"],"_links":{"self":[{"href":"https:\/\/daniel-behmenburg.de\/index.php?rest_route=\/wp\/v2\/posts\/11","targetHints":{"allow":["GET"]}}],"collection":[{"href":"https:\/\/daniel-behmenburg.de\/index.php?rest_route=\/wp\/v2\/posts"}],"about":[{"href":"https:\/\/daniel-behmenburg.de\/index.php?rest_route=\/wp\/v2\/types\/post"}],"author":[{"embeddable":true,"href":"https:\/\/daniel-behmenburg.de\/index.php?rest_route=\/wp\/v2\/users\/1"}],"replies":[{"embeddable":true,"href":"https:\/\/daniel-behmenburg.de\/index.php?rest_route=%2Fwp%2Fv2%2Fcomments&post=11"}],"version-history":[{"count":0,"href":"https:\/\/daniel-behmenburg.de\/index.php?rest_route=\/wp\/v2\/posts\/11\/revisions"}],"wp:attachment":[{"href":"https:\/\/daniel-behmenburg.de\/index.php?rest_route=%2Fwp%2Fv2%2Fmedia&parent=11"}],"wp:term":[{"taxonomy":"category","embeddable":true,"href":"https:\/\/daniel-behmenburg.de\/index.php?rest_route=%2Fwp%2Fv2%2Fcategories&post=11"},{"taxonomy":"post_tag","embeddable":true,"href":"https:\/\/daniel-behmenburg.de\/index.php?rest_route=%2Fwp%2Fv2%2Ftags&post=11"}],"curies":[{"name":"wp","href":"https:\/\/api.w.org\/{rel}","templated":true}]}}