{"id":1081,"date":"2020-07-13T17:58:30","date_gmt":"2020-07-13T17:58:30","guid":{"rendered":"http:\/\/daniel-behmenburg.de\/?p=1081"},"modified":"2020-12-23T11:57:48","modified_gmt":"2020-12-23T11:57:48","slug":"verwaltung-hat-mit-der-sanierung-des-kettwiger-rathauses-begonnen","status":"publish","type":"post","link":"https:\/\/daniel-behmenburg.de\/?p=1081","title":{"rendered":"Verwaltung hat mit der Sanierung des Kettwiger Rathauses begonnen"},"content":{"rendered":"\n<p><strong>Bezirksb\u00fcrgermeister Brenk: Erste Schritte in die richtige Richtung, aber es bleibt noch viel zu tun<\/strong>.<\/p>\n\n\n\n<figure class=\"wp-block-image size-large\"><img loading=\"lazy\" decoding=\"async\" width=\"1024\" height=\"683\" src=\"http:\/\/daniel-behmenburg.de\/wp-content\/uploads\/2020\/06\/Kettwig-Rathaus-1-1024x683.jpg\" alt=\"\" class=\"wp-image-1040\" srcset=\"https:\/\/daniel-behmenburg.de\/wp-content\/uploads\/2020\/06\/Kettwig-Rathaus-1-1024x683.jpg 1024w, https:\/\/daniel-behmenburg.de\/wp-content\/uploads\/2020\/06\/Kettwig-Rathaus-1-300x200.jpg 300w, https:\/\/daniel-behmenburg.de\/wp-content\/uploads\/2020\/06\/Kettwig-Rathaus-1-768x512.jpg 768w, https:\/\/daniel-behmenburg.de\/wp-content\/uploads\/2020\/06\/Kettwig-Rathaus-1-1536x1024.jpg 1536w, https:\/\/daniel-behmenburg.de\/wp-content\/uploads\/2020\/06\/Kettwig-Rathaus-1-2048x1365.jpg 2048w, https:\/\/daniel-behmenburg.de\/wp-content\/uploads\/2020\/06\/Kettwig-Rathaus-1-360x240.jpg 360w\" sizes=\"auto, (max-width: 1024px) 100vw, 1024px\" \/><\/figure>\n\n\n\n<p>Die Nutzung der Immobilie Rathaus Kettwig treibt die Mitglieder der Bezirksvertretung wie auch die Kettwiger B\u00fcrgerschaft seit langer Zeit um. Nunmehr hat die Immobilienverwaltung den Bezirksb\u00fcrgermeister Benjamin Brenk \u00fcber den aktuellen Sachstand informiert:<\/p>\n\n\n\n<p>Die Feuchtesanierung im Erdgeschoss wurde begonnen. Das hei\u00dft, dass die Schadstoffsanierung (Ausbau des Holzfu\u00dfbodens) bis auf den Serverraum abgeschlossen ist. Diese noch ausstehende Schadstoffsanierung wird nun beginnen. Parallel ist bereits die Planung und Angebotseinholung f\u00fcr die Erstellung einer Betonbodenplatte mit Abdichtung, D\u00e4mmung und Estrich erfolgt. Der Oberbodenbelag wird dann abh\u00e4ngig von der sp\u00e4teren Nutzung der R\u00e4umlichkeiten erstellt. Eine Fertigstellung ist f\u00fcr Ende 2020 geplant.<\/p>\n\n\n\n<p>Im Rahmen der Fassadensanierung wurde das Angebot einer Ger\u00fcstbaufirma eingeholt sowie ein Angebot f\u00fcr die Malerarbeiten und f\u00fcr dier Erneuerung der Klappl\u00e4den, die vor l\u00e4ngerer Zeit wegen Unfallgefahr abgebaut wurden. Die Ausf\u00fchrung der Arbeiten ist f\u00fcr August\/ September 2020 geplant. In dem Atemzug werden direkt die Dachvorspr\u00fcnge von den Moosans\u00e4tzen befreit<\/p>\n\n\n\n<p>Die aktuellen Sanierungsma\u00dfnahmen schlagen mit ca. 280.000,- \u20ac zu Buche. Sollten noch Mittel \u00fcbrig bleiben, ist der rollstuhlgerechte Umbau des Personal-WCs der Stadtteilbibliothek vorgesehen.<\/p>\n\n\n\n<p>\u201eDas sind gute erste Schritte. Daf\u00fcr danke ich der Verwaltung wie auch allen Fraktionen in der Bezirksvertretung, die das Thema Rathaus Kettwig immer im engen Schulterschluss zur Chefsache gemacht haben\u201c, so Bezirksb\u00fcrgermeister Benjamin Brenk in einem ersten Statement. Einen besonderen Dank richtet er an seinen Vorg\u00e4nger Dr. Michael Bonmann, der dieses Projekt immer federf\u00fchrend und mit viel Herzblut vorangetrieben hat. &nbsp;Der Bezirksb\u00fcrgermeister richtet den Blick aber auch nach vorne: \u201eDas kann nur der Anfang sein. Die Nutzung der Hausmeisterwohnung, ein gastronomisches Angebot, \u00f6ffentliche Toiletten im Rathaus und insbesondere auch die erbetene Stellungnahme zur Weiterentwicklung des Rathausvorplatzes m\u00fcssen als n\u00e4chstes angegangen werden. Ich hoffe sehr, dass auch die neu gew\u00e4hlte Bezirksvertretung sich dieser Fragen fraktions\u00fcbergreifend mit einer starken gemeinsamen Stimme annehmen wird. Auch wird darauf zu achten sein, dass das Ger\u00fcst schnellstm\u00f6glich wieder abgebaut wird und nicht ebenso lang wie in der Vergangenheit den Blick auf dieses sch\u00f6ne Rathaus verstellen und so manches Hochzeitsfoto st\u00f6ren wird.\u201c<\/p>\n","protected":false},"excerpt":{"rendered":"<p>Bezirksb\u00fcrgermeister Brenk: Erste Schritte in die richtige Richtung, aber es bleibt noch viel zu tun. Die Nutzung der Immobilie Rathaus Kettwig treibt die Mitglieder der Bezirksvertretung wie auch die Kettwiger B\u00fcrgerschaft seit langer Zeit um. Nunmehr hat die Immobilienverwaltung den Bezirksb\u00fcrgermeister Benjamin Brenk \u00fcber den aktuellen Sachstand informiert: Die Feuchtesanierung [&hellip;]<\/p>\n","protected":false},"author":1,"featured_media":0,"comment_status":"closed","ping_status":"open","sticky":false,"template":"","format":"standard","meta":{"footnotes":""},"categories":[6],"tags":[153,57,44,155],"class_list":["post-1081","post","type-post","status-publish","format-standard","hentry","category-kettwig","tag-immobilienverwaltung","tag-kettwig","tag-rathaus-kettwig","tag-rathausplatz"],"_links":{"self":[{"href":"https:\/\/daniel-behmenburg.de\/index.php?rest_route=\/wp\/v2\/posts\/1081","targetHints":{"allow":["GET"]}}],"collection":[{"href":"https:\/\/daniel-behmenburg.de\/index.php?rest_route=\/wp\/v2\/posts"}],"about":[{"href":"https:\/\/daniel-behmenburg.de\/index.php?rest_route=\/wp\/v2\/types\/post"}],"author":[{"embeddable":true,"href":"https:\/\/daniel-behmenburg.de\/index.php?rest_route=\/wp\/v2\/users\/1"}],"replies":[{"embeddable":true,"href":"https:\/\/daniel-behmenburg.de\/index.php?rest_route=%2Fwp%2Fv2%2Fcomments&post=1081"}],"version-history":[{"count":2,"href":"https:\/\/daniel-behmenburg.de\/index.php?rest_route=\/wp\/v2\/posts\/1081\/revisions"}],"predecessor-version":[{"id":1083,"href":"https:\/\/daniel-behmenburg.de\/index.php?rest_route=\/wp\/v2\/posts\/1081\/revisions\/1083"}],"wp:attachment":[{"href":"https:\/\/daniel-behmenburg.de\/index.php?rest_route=%2Fwp%2Fv2%2Fmedia&parent=1081"}],"wp:term":[{"taxonomy":"category","embeddable":true,"href":"https:\/\/daniel-behmenburg.de\/index.php?rest_route=%2Fwp%2Fv2%2Fcategories&post=1081"},{"taxonomy":"post_tag","embeddable":true,"href":"https:\/\/daniel-behmenburg.de\/index.php?rest_route=%2Fwp%2Fv2%2Ftags&post=1081"}],"curies":[{"name":"wp","href":"https:\/\/api.w.org\/{rel}","templated":true}]}}