{"id":106,"date":"2010-03-07T14:39:47","date_gmt":"2010-03-07T14:39:47","guid":{"rendered":"http:\/\/danielbehmenburg.wordpress.com\/?p=106"},"modified":"2010-03-07T14:39:47","modified_gmt":"2010-03-07T14:39:47","slug":"spd-vertreter-in-den-bezirken-sprechen-sich-fur-angemessene-mittel-aus","status":"publish","type":"post","link":"https:\/\/daniel-behmenburg.de\/?p=106","title":{"rendered":"SPD-Vertreter in den Bezirken sprechen sich f\u00fcr angemessene Mittel aus"},"content":{"rendered":"<p><strong>Bezirksvertreter wollen wieder 350.000,- Euro zur Verf\u00fcgung haben<\/strong><\/p>\n<p>Die Fraktionsvorsitzenden der SPD in den neun Essener Stadtbezirken haben in ihrer vergangenen Sitzung ihre Forderung nach bezirklichen Mitteln in H\u00f6he von 350.000,- \u20ac erneuert. &#8222;Gerade in Zeiten knapper Finanzen ist es umso wichtiger, dass die st\u00e4dtischen Gelder mit Augenma\u00df vergeben werden. Die Bezirksvertretungen sind am n\u00e4chsten an den Menschen und wissen, wo vor Ort der Schuh dr\u00fcckt und dringender Handlungsbedarf gegeben ist. Deshalb passt diese Forderung perfekt in die jetzige Zeit.&#8220; so die SPD-Vertreter in den Stadtbezirken.<\/p>\n<p>Die Mittel der Bezirksvertretungen wurden in den vergangenen Jahren um beinahe 50% von 500.000,- \u20ac auf nunmehr aktuell 267.265,31 \u20ac gek\u00fcrzt. Diese erheblichen Mittelk\u00fcrzungen haben in den letzten Jahren zu keiner Verbesserung der st\u00e4dtischen Haushaltssituation gef\u00fchrt, jedoch den Handlungsspielraum und die Bedeutung der Bezirksvertretungen enorm eingeschr\u00e4nkt. Es geht den SPD-Politikern nicht darum, den st\u00e4dtischen Haushalt weiter aufzubl\u00e4hen. Vielmehr sollen Verantwortlichkeiten aus der Fachverwaltung zur\u00fcck in die H\u00e4nde der gew\u00e4hlten Volksvertreter vor Ort flie\u00dfen. Die Mittel der Bezirksvertretungen flie\u00dfen \u00fcbrigens fast ausschlie\u00dflich als Arbeitsauftr\u00e4ge in die Verwaltung zur\u00fcck, sodass die einzelnen Fachbereiche nicht zwangsl\u00e4ufig weniger Mittel haben, sondern bei der Vergabe auf das politische Votum angewiesen sind.<\/p>\n<p>Viele Stadtbezirke haben bereits in Antr\u00e4gen f\u00fcr eine Verschiebung der Mittel hin zu den Bezirksvertretungen votiert. Die Ratsfraktion der SPD in Essen hat ebenfalls Zustimmung signalisiert, denn eine St\u00e4rkung der Stadtteile war schon immer erkl\u00e4rtes Ziel der Essener Sozialdemokraten.<\/p>\n<p><a href=\"http:\/\/danielbehmenburg.files.wordpress.com\/2010\/03\/presse-bv-mittel-20100307.pdf\">PM SPD-Vertreter in den Bezirken sprechen sich f\u00fcr angemessene Mittel aus<\/a><\/p>\n","protected":false},"excerpt":{"rendered":"<p>Bezirksvertreter wollen wieder 350.000,- Euro zur Verf\u00fcgung haben Die Fraktionsvorsitzenden der SPD in den neun Essener Stadtbezirken haben in ihrer vergangenen Sitzung ihre Forderung nach bezirklichen Mitteln in H\u00f6he von 350.000,- \u20ac erneuert. &#8222;Gerade in Zeiten knapper Finanzen ist es umso wichtiger, dass die st\u00e4dtischen Gelder mit Augenma\u00df vergeben werden. [&hellip;]<\/p>\n","protected":false},"author":1,"featured_media":0,"comment_status":"open","ping_status":"open","sticky":false,"template":"","format":"standard","meta":{"footnotes":""},"categories":[1],"tags":[],"class_list":["post-106","post","type-post","status-publish","format-standard","hentry","category-uncategorized"],"_links":{"self":[{"href":"https:\/\/daniel-behmenburg.de\/index.php?rest_route=\/wp\/v2\/posts\/106","targetHints":{"allow":["GET"]}}],"collection":[{"href":"https:\/\/daniel-behmenburg.de\/index.php?rest_route=\/wp\/v2\/posts"}],"about":[{"href":"https:\/\/daniel-behmenburg.de\/index.php?rest_route=\/wp\/v2\/types\/post"}],"author":[{"embeddable":true,"href":"https:\/\/daniel-behmenburg.de\/index.php?rest_route=\/wp\/v2\/users\/1"}],"replies":[{"embeddable":true,"href":"https:\/\/daniel-behmenburg.de\/index.php?rest_route=%2Fwp%2Fv2%2Fcomments&post=106"}],"version-history":[{"count":0,"href":"https:\/\/daniel-behmenburg.de\/index.php?rest_route=\/wp\/v2\/posts\/106\/revisions"}],"wp:attachment":[{"href":"https:\/\/daniel-behmenburg.de\/index.php?rest_route=%2Fwp%2Fv2%2Fmedia&parent=106"}],"wp:term":[{"taxonomy":"category","embeddable":true,"href":"https:\/\/daniel-behmenburg.de\/index.php?rest_route=%2Fwp%2Fv2%2Fcategories&post=106"},{"taxonomy":"post_tag","embeddable":true,"href":"https:\/\/daniel-behmenburg.de\/index.php?rest_route=%2Fwp%2Fv2%2Ftags&post=106"}],"curies":[{"name":"wp","href":"https:\/\/api.w.org\/{rel}","templated":true}]}}