{"id":1042,"date":"2020-06-26T18:30:28","date_gmt":"2020-06-26T18:30:28","guid":{"rendered":"http:\/\/daniel-behmenburg.de\/?p=1042"},"modified":"2020-12-23T11:57:48","modified_gmt":"2020-12-23T11:57:48","slug":"probleme-beim-kettwiger-freibad-und-taeglich-gruesst-das-murmeltier","status":"publish","type":"post","link":"https:\/\/daniel-behmenburg.de\/?p=1042","title":{"rendered":"Probleme beim Kettwiger Freibad? &#8211; und t\u00e4glich gr\u00fc\u00dft das Murmeltier"},"content":{"rendered":"\n<figure class=\"wp-block-image size-large\"><img loading=\"lazy\" decoding=\"async\" width=\"2560\" height=\"1709\" src=\"http:\/\/daniel-behmenburg.de\/wp-content\/uploads\/2020\/06\/DSC_2181-scaled.jpg\" alt=\"\" class=\"wp-image-1045\" srcset=\"https:\/\/daniel-behmenburg.de\/wp-content\/uploads\/2020\/06\/DSC_2181-scaled.jpg 2560w, https:\/\/daniel-behmenburg.de\/wp-content\/uploads\/2020\/06\/DSC_2181-300x200.jpg 300w, https:\/\/daniel-behmenburg.de\/wp-content\/uploads\/2020\/06\/DSC_2181-768x513.jpg 768w, https:\/\/daniel-behmenburg.de\/wp-content\/uploads\/2020\/06\/DSC_2181-2048x1367.jpg 2048w\" sizes=\"auto, (max-width: 2560px) 100vw, 2560px\" \/><\/figure>\n\n\n\n<p>Probleme beim Kettwiger Freibad. So neu ist das ja nicht. Reparaturen, unvorhergesehene Sch\u00e4den, Instandsetzungen, die wesentlich l\u00e4nger als gedacht dauerten, und geplante Einschr\u00e4nkungen f\u00fcr Fr\u00fchschwimmerinnen und Fr\u00fchschwimmer. Das sind die ersten Dinge, die mir spontan zum Kettwiger Freibad einfallen, wenn ich die letzten Jahre Revue passieren lasse.<\/p>\n\n\n\n<p><strong>Deshalb direkt vorneweg drei ganz klare Forderungen f\u00fcr die Zukunft:<\/strong><\/p>\n\n\n\n<ul class=\"wp-block-list\"><li><strong>Abnahme der Pr\u00fcfung zum Rettungsschwimmer im Grugabad w\u00e4hrend der t\u00e4glichen vierst\u00fcndigen Pause <\/strong><\/li><li><strong>ausgewogene Verteilung des vorhandenen Personals auf alle Essener B\u00e4der <\/strong>(im schlimmsten Fall rollierend, dann muss es halt einen freien Tag pro Schwimmbad geben)<\/li><li><strong>rechtzeitig vor der Saison durch attraktive Angebote und entsprechende L\u00f6hne Bademeister f\u00fcr die B\u00e4der in Essen gewinnen<\/strong><\/li><li><strong>\u00d6ffnung des Kettwiger Freibades gemeinsam mit den anderen Freib\u00e4dern in Essen und nicht immer am Ende der Reihe<\/strong><\/li><li><strong>Einf\u00fchrung einer Monatskarte f\u00fcr den Freibadbesuch<\/strong><\/li><\/ul>\n\n\n\n<p>Aber jetzt in aller Ruhe zum aktuell geschlossenen Kettwiger Freibad:<\/p>\n\n\n\n<p>Mich haben in den letzten zweieinhalb Woche viele Zuschriften zum Kettwiger Freibad erreicht. Mal freundlich, mal weniger &#8222;diplomatisch&#8220; wurde sich dazu ge\u00e4u\u00dfert, dass unser Freibad immer noch mit &#8222;heute geschlossen&#8220; f\u00fcr sich wirbt. Ich kann jede Zuschrift verstehen und unterst\u00fctze jede Zuschrift auch ausdr\u00fccklich. Bis zum heutigen Tag haben die Sport- und B\u00e4derbetriebe sich leider trotz R\u00fcckrufbitte nicht zur\u00fcckgemeldet. Ich habe mich aber trotzdem mal ein wenig umgeh\u00f6rt, manchmal sind Betroffene ja redefreudiger als die Verwaltung.<\/p>\n\n\n\n<p><strong>Ich finde es skandal\u00f6s, dass das Kettwiger Freibad Ende Juni immer noch geschlossen ist.<\/strong> Ganz generell, aber gerade auch in der heutigen Zeit. Die Corona-Pandemie zwingt viele Familien, ihren Urlaub daheim zu verbringen. Zum einen, weil aufgrund von Reisenbeschr\u00e4nkungen ein geplanter Urlaub einfach nicht m\u00f6glich ist. Zum anderen aber auch deshalb, weil durch Kurzarbeit, Einnahmeverluste oder gar Jobwegfall vielen Familien schlichtweg das Geld hierf\u00fcr fehlt. Deshalb muss es doch vorderste Pflicht sein, f\u00fcr eine Naherholung vor der eigenen Haust\u00fcr zu sorgen. Und \u00fcber den Eintrittspreis sollten wir dann auch noch einmal reden. Warum gibt es hier keine Monatskarten wie in Dellwig?<\/p>\n\n\n\n<p>Wenn man sich \u00fcbrigens die Ruhr am Kettwiger Stauwehr anschaut, dann sieht man, dass gerade viele Jugendliche sich die Erfrischung im k\u00fchlen Nass trotzdem holen. Eine sehr gef\u00e4hrliche Konstellation, die sich da entwickelt hat.<\/p>\n\n\n\n<p><strong>Nicht genug Bademeister?<\/strong> Wie ich hinter vorgehaltener Hand geh\u00f6rt habe, gab es wohl genug Interessenten f\u00fcr den Job. Diesen h\u00e4tte aber die Pr\u00fcfung coronabedingt nicht abgenommen werden k\u00f6nnen. Wenn das stimmt, dann ist es nach meiner Meinung totaler Unsinn. Man h\u00e4tte die Pr\u00fcfungen doch im ge\u00f6ffneten Grugabad abnehmen k\u00f6nnen. Da das Freibad wochentags zwischen 10 Uhr und 14 Uhr eh geschlossen hat, h\u00e4tte man das Thema an einem Vormittag abr\u00e4umen k\u00f6nnen. <\/p>\n\n\n\n<p>Aber das Problem ist ja nicht neu. Ein Problem bei der Besetzung der Bademeisterstellen ist ja nicht neu. Das war h\u00e4ufig bereits ein Problem. Aber irgendwann muss man sich doch dann auch mal fragen, warum der Job so unattraktiv ist. Und dann dementsprechend reagieren. Und wenn aktuell ein so gro\u00dfer Engpass ist, dann muss ich halt beim Gehalt richtig was drauflegen.<\/p>\n\n\n\n<p>Beim aktuellen Engpass muss man das vorhandene Personal dann fair auf alle B\u00e4der verteilen, damit man nirgendwo &#8222;heute geschlossen&#8220; lesen muss. Das k\u00f6nnte dann in der jetzigen Situation ein Rollationssystem sein. Und vielleicht w\u00fcrde das auch hei\u00dfen, das jedes bad einen Ruhetag einlegen muss. Deshalb sollte dieses Szenario wirklich auch nur eine ganz kurzfristige L\u00f6sung sein.<\/p>\n\n\n\n<p><strong>Warum \u00f6ffnet das Kettwiger Freibad immer erst als letztes?<\/strong> F\u00fcr mich auch absolut unverst\u00e4ndlich. Gerade in so einem weitl\u00e4ufigen Bezirk wie hier im Essener S\u00fcden, muss ich doch entsprechende Angebote vorhalten. Das gilt f\u00fcr ein (Frei)Bad ebenso wie f\u00fcr ein B\u00fcrgeramt.<\/p>\n\n\n\n<p><strong>4 Euro f\u00fcr den Eintritt ist aber mal &#8217;ne Hausnummer.<\/strong> Dem stimme ich vollumf\u00e4nglich zu. Nicht, wenn man den ganzen Tag da ist. Aber wenn man mal zwei Stunden nach der Arbeit ins k\u00fchle Nass m\u00f6chte, dann ist das echt viel. Deshalb muss es zuk\u00fcnftig das Angebot einer Monatskarte geben, wie es in Dellwig schon praktiziert wird.<\/p>\n\n\n\n<p><strong>Das rechnet sich doch f\u00fcr die Stadt am Ende des Tages nicht.<\/strong> Das mag sein. Aber ebenso wie beim Beispiel Nahverkehr gibt es ein paar Bereiche des \u00f6ffentlichen Lebens, da ist die Stadt den B\u00fcrgerinnen und B\u00fcrgern verpflichtet. Daf\u00fcr zahlen wir auch Steuern. Deshalb verbietet sich hier der Blick auf die schwarze Null!<\/p>\n\n\n\n<p><strong>Ich sage zu, dieses Wochenende dazu zu nutzen, die Verantwortlichen bei der Verwaltung sowie die Mitglieder meiner Ratsfraktion im entsprechenden Ausschuss anzuschreiben und auf diesen nicht akzeptablen Umstand hinzuweisen und meine Forderungen deutlich zu machen. Ich halte Euch hier weiter auf dem Laufenden.<\/strong><\/p>\n\n\n\n<p>Danke f\u00fcr Euer Vertrauen, ich k\u00fcmmere mich!<\/p>\n\n\n\n<figure class=\"wp-block-gallery columns-3 is-cropped wp-block-gallery-1 is-layout-flex wp-block-gallery-is-layout-flex\"><ul class=\"blocks-gallery-grid\"><li class=\"blocks-gallery-item\"><figure><img loading=\"lazy\" decoding=\"async\" width=\"1024\" height=\"683\" src=\"http:\/\/daniel-behmenburg.de\/wp-content\/uploads\/2020\/06\/DSC_2180-1024x683.jpg\" alt=\"\" data-id=\"1044\" data-full-url=\"http:\/\/daniel-behmenburg.de\/wp-content\/uploads\/2020\/06\/DSC_2180-scaled.jpg\" data-link=\"http:\/\/daniel-behmenburg.de\/?attachment_id=1044\" class=\"wp-image-1044\" srcset=\"https:\/\/daniel-behmenburg.de\/wp-content\/uploads\/2020\/06\/DSC_2180-1024x683.jpg 1024w, https:\/\/daniel-behmenburg.de\/wp-content\/uploads\/2020\/06\/DSC_2180-300x200.jpg 300w, https:\/\/daniel-behmenburg.de\/wp-content\/uploads\/2020\/06\/DSC_2180-768x513.jpg 768w, https:\/\/daniel-behmenburg.de\/wp-content\/uploads\/2020\/06\/DSC_2180-1536x1025.jpg 1536w, https:\/\/daniel-behmenburg.de\/wp-content\/uploads\/2020\/06\/DSC_2180-2048x1367.jpg 2048w, https:\/\/daniel-behmenburg.de\/wp-content\/uploads\/2020\/06\/DSC_2180-360x240.jpg 360w\" sizes=\"auto, (max-width: 1024px) 100vw, 1024px\" \/><\/figure><\/li><li class=\"blocks-gallery-item\"><figure><img loading=\"lazy\" decoding=\"async\" width=\"2560\" height=\"1709\" src=\"http:\/\/daniel-behmenburg.de\/wp-content\/uploads\/2020\/06\/DSC_2185-scaled.jpg\" alt=\"\" data-id=\"1046\" data-full-url=\"http:\/\/daniel-behmenburg.de\/wp-content\/uploads\/2020\/06\/DSC_2185-scaled.jpg\" data-link=\"http:\/\/daniel-behmenburg.de\/?attachment_id=1046\" class=\"wp-image-1046\" srcset=\"https:\/\/daniel-behmenburg.de\/wp-content\/uploads\/2020\/06\/DSC_2185-scaled.jpg 2560w, https:\/\/daniel-behmenburg.de\/wp-content\/uploads\/2020\/06\/DSC_2185-300x200.jpg 300w, https:\/\/daniel-behmenburg.de\/wp-content\/uploads\/2020\/06\/DSC_2185-768x513.jpg 768w, https:\/\/daniel-behmenburg.de\/wp-content\/uploads\/2020\/06\/DSC_2185-2048x1367.jpg 2048w\" sizes=\"auto, (max-width: 2560px) 100vw, 2560px\" \/><\/figure><\/li><li class=\"blocks-gallery-item\"><figure><img loading=\"lazy\" decoding=\"async\" width=\"2560\" height=\"1709\" src=\"http:\/\/daniel-behmenburg.de\/wp-content\/uploads\/2020\/06\/DSC_2174-scaled.jpg\" alt=\"\" data-id=\"1047\" data-full-url=\"http:\/\/daniel-behmenburg.de\/wp-content\/uploads\/2020\/06\/DSC_2174-scaled.jpg\" data-link=\"http:\/\/daniel-behmenburg.de\/?attachment_id=1047\" class=\"wp-image-1047\" srcset=\"https:\/\/daniel-behmenburg.de\/wp-content\/uploads\/2020\/06\/DSC_2174-scaled.jpg 2560w, https:\/\/daniel-behmenburg.de\/wp-content\/uploads\/2020\/06\/DSC_2174-300x200.jpg 300w, https:\/\/daniel-behmenburg.de\/wp-content\/uploads\/2020\/06\/DSC_2174-768x513.jpg 768w, https:\/\/daniel-behmenburg.de\/wp-content\/uploads\/2020\/06\/DSC_2174-2048x1367.jpg 2048w, https:\/\/daniel-behmenburg.de\/wp-content\/uploads\/2020\/06\/DSC_2174-360x240.jpg 360w\" sizes=\"auto, (max-width: 2560px) 100vw, 2560px\" \/><\/figure><\/li><\/ul><\/figure>\n","protected":false},"excerpt":{"rendered":"<p>Probleme beim Kettwiger Freibad. So neu ist das ja nicht. Reparaturen, unvorhergesehene Sch\u00e4den, Instandsetzungen, die wesentlich l\u00e4nger als gedacht dauerten, und geplante Einschr\u00e4nkungen f\u00fcr Fr\u00fchschwimmerinnen und Fr\u00fchschwimmer. Das sind die ersten Dinge, die mir spontan zum Kettwiger Freibad einfallen, wenn ich die letzten Jahre Revue passieren lasse. Deshalb direkt vorneweg [&hellip;]<\/p>\n","protected":false},"author":1,"featured_media":0,"comment_status":"closed","ping_status":"open","sticky":false,"template":"","format":"standard","meta":{"footnotes":""},"categories":[6,1],"tags":[147,148,57,150,149],"class_list":["post-1042","post","type-post","status-publish","format-standard","hentry","category-kettwig","category-uncategorized","tag-freibad","tag-fruehschwimmer","tag-kettwig","tag-oeffnungszeiten","tag-schwimmbad"],"_links":{"self":[{"href":"https:\/\/daniel-behmenburg.de\/index.php?rest_route=\/wp\/v2\/posts\/1042","targetHints":{"allow":["GET"]}}],"collection":[{"href":"https:\/\/daniel-behmenburg.de\/index.php?rest_route=\/wp\/v2\/posts"}],"about":[{"href":"https:\/\/daniel-behmenburg.de\/index.php?rest_route=\/wp\/v2\/types\/post"}],"author":[{"embeddable":true,"href":"https:\/\/daniel-behmenburg.de\/index.php?rest_route=\/wp\/v2\/users\/1"}],"replies":[{"embeddable":true,"href":"https:\/\/daniel-behmenburg.de\/index.php?rest_route=%2Fwp%2Fv2%2Fcomments&post=1042"}],"version-history":[{"count":12,"href":"https:\/\/daniel-behmenburg.de\/index.php?rest_route=\/wp\/v2\/posts\/1042\/revisions"}],"predecessor-version":[{"id":1067,"href":"https:\/\/daniel-behmenburg.de\/index.php?rest_route=\/wp\/v2\/posts\/1042\/revisions\/1067"}],"wp:attachment":[{"href":"https:\/\/daniel-behmenburg.de\/index.php?rest_route=%2Fwp%2Fv2%2Fmedia&parent=1042"}],"wp:term":[{"taxonomy":"category","embeddable":true,"href":"https:\/\/daniel-behmenburg.de\/index.php?rest_route=%2Fwp%2Fv2%2Fcategories&post=1042"},{"taxonomy":"post_tag","embeddable":true,"href":"https:\/\/daniel-behmenburg.de\/index.php?rest_route=%2Fwp%2Fv2%2Ftags&post=1042"}],"curies":[{"name":"wp","href":"https:\/\/api.w.org\/{rel}","templated":true}]}}