{"id":104,"date":"2010-02-13T10:00:32","date_gmt":"2010-02-13T10:00:32","guid":{"rendered":"http:\/\/danielbehmenburg.wordpress.com\/2010\/02\/13\/spd-und-grune-irritiert-uber-rampe-am-ruhrufer-in-kettwig\/"},"modified":"2010-02-13T10:00:32","modified_gmt":"2010-02-13T10:00:32","slug":"spd-und-grune-irritiert-uber-rampe-am-ruhrufer-in-kettwig","status":"publish","type":"post","link":"https:\/\/daniel-behmenburg.de\/?p=104","title":{"rendered":"SPD und Gr\u00fcne irritiert \u00fcber Rampe am Ruhrufer in Kettwig"},"content":{"rendered":"<p>Bezirksvertreter wollen Thema per Dringlichkeit auf die Tagesordnung bringen<\/p>\n<p>Irritiert haben die Bezirksvertreter von SPD und B\u00fcndnis 90\/ Die Gr\u00fcnen auf die aktuellen Medienberichterstattungen zum Thema \u201eRampe zum Ufer-Palais\u201c in Kettwig reagiert. In der vergangenen Sitzung der BV IX im Januar hatte Harald Neef (SPD) noch die Nachfrage an die Verwaltung gerichtet, bis wann die Rampe \u00a0nun genau abgebaut wird, eine Antwort wurde f\u00fcr die kommende Sitzung der BV IX erwartet. Die Medien haben die Antwort der Verwaltung jedoch bereits vorweggenommen.<\/p>\n<p>Das verwundert den Fraktionsvorsitzenden der Gr\u00fcnen, Peter Maas: \u201eAnscheinend wurde die Nachfrage der BV IX zuerst gegen\u00fcber der Presse beantwortet. Die Antwort kann uns jedoch nicht zufrieden stellen. Hier muss schnell gehandelt werden, es d\u00fcrfen nicht \u00fcber die K\u00f6pfe der Bezirksvertreter hinweg Fakten geschaffen werden. Deshalb haben wir beschlossen, das Thema per Dringlichkeit in der n\u00e4chsten Sitzung der Bezirksvertretung zu behandeln.\u201c<\/p>\n<p>Die Bezirksvertreter wollen mit ihrem Dringlichkeitsantrag auch aufr\u00fctteln, denn das Ruhrufer wird ein Schwerpunkt der kettwiger Aktivit\u00e4ten zum Kulturhauptstadtjahr. \u201eDer Verein Stadt.Land.Ruhr.2010 mit seinen Aktiven hat mit viel Herzblut und viel Freizeit ein tolles Programm f\u00fcr das Kulturhauptstadtjahr in Kettwig aufgestellt. Diesem Projekt hat die Bezirksvertretung immer ihren Respekt gezollt, nun m\u00fcssen wir f\u00fcr faire Rahmenbedingungen sorgen.\u201c so Daniel Behmenburg, Vorsitzender der SPD-Fraktion in der Bezirksvertretung IX. \u201eDie Rampe war immer nur als Behelfsl\u00f6sung f\u00fcr den t\u00e4glichen Schwerlastverkehr zu den H\u00f6chstzeiten der Baustelle gedacht, es war immer klar, dass dieses Provisorium f\u00fcr 2010 abgebaut werden sollte.\u201c<br \/>\n\u201eVielleicht waren der Verwaltung die Aktivit\u00e4ten am Ruhrufer nicht bewusst. Sollte die Verwaltung durch die Aufforderung zum R\u00fcckbau der Rampe bis zur Sitzung der Bezirksvertretung handeln und damit den Antrag \u00fcberfl\u00fcssig machen, w\u00e4re dieses am besten. Bis Mai ist es ja auch noch ein wenig hin, sodass ich hoffe, dass man vern\u00fcnftig mit dem Bauherren dar\u00fcber sprechen kann.\u201c so Bezirksvertreter Harald Neef, der ebenfalls \u00fcberrascht ist, welche traurige Aktualit\u00e4t seine damalige Anfrage erreicht hat.<\/p>\n<p><a href=\"http:\/\/danielbehmenburg.files.wordpress.com\/2010\/02\/tv-sofortiger-ruckbau-der-rampe-am-ufer-palais.pdf\">TV Sofortiger R\u00fcckbau der Rampe am Ufer-Palais<\/a><\/p>\n","protected":false},"excerpt":{"rendered":"<p>Bezirksvertreter wollen Thema per Dringlichkeit auf die Tagesordnung bringen Irritiert haben die Bezirksvertreter von SPD und B\u00fcndnis 90\/ Die Gr\u00fcnen auf die aktuellen Medienberichterstattungen zum Thema \u201eRampe zum Ufer-Palais\u201c in Kettwig reagiert. In der vergangenen Sitzung der BV IX im Januar hatte Harald Neef (SPD) noch die Nachfrage an die [&hellip;]<\/p>\n","protected":false},"author":1,"featured_media":0,"comment_status":"open","ping_status":"open","sticky":false,"template":"","format":"standard","meta":{"footnotes":""},"categories":[1],"tags":[],"class_list":["post-104","post","type-post","status-publish","format-standard","hentry","category-uncategorized"],"_links":{"self":[{"href":"https:\/\/daniel-behmenburg.de\/index.php?rest_route=\/wp\/v2\/posts\/104","targetHints":{"allow":["GET"]}}],"collection":[{"href":"https:\/\/daniel-behmenburg.de\/index.php?rest_route=\/wp\/v2\/posts"}],"about":[{"href":"https:\/\/daniel-behmenburg.de\/index.php?rest_route=\/wp\/v2\/types\/post"}],"author":[{"embeddable":true,"href":"https:\/\/daniel-behmenburg.de\/index.php?rest_route=\/wp\/v2\/users\/1"}],"replies":[{"embeddable":true,"href":"https:\/\/daniel-behmenburg.de\/index.php?rest_route=%2Fwp%2Fv2%2Fcomments&post=104"}],"version-history":[{"count":0,"href":"https:\/\/daniel-behmenburg.de\/index.php?rest_route=\/wp\/v2\/posts\/104\/revisions"}],"wp:attachment":[{"href":"https:\/\/daniel-behmenburg.de\/index.php?rest_route=%2Fwp%2Fv2%2Fmedia&parent=104"}],"wp:term":[{"taxonomy":"category","embeddable":true,"href":"https:\/\/daniel-behmenburg.de\/index.php?rest_route=%2Fwp%2Fv2%2Fcategories&post=104"},{"taxonomy":"post_tag","embeddable":true,"href":"https:\/\/daniel-behmenburg.de\/index.php?rest_route=%2Fwp%2Fv2%2Ftags&post=104"}],"curies":[{"name":"wp","href":"https:\/\/api.w.org\/{rel}","templated":true}]}}