{"id":10,"date":"2008-01-15T11:00:00","date_gmt":"2008-01-15T11:00:00","guid":{"rendered":"http:\/\/danielbehmenburg.wordpress.com\/2008\/01\/15\/spd-fraktion-gegen-bebauung-der-%e2%80%9egrunen-harfe%e2%80%9c"},"modified":"2008-01-15T11:00:00","modified_gmt":"2008-01-15T11:00:00","slug":"spd-fraktion-gegen-bebauung-der-grunen-harfe","status":"publish","type":"post","link":"https:\/\/daniel-behmenburg.de\/?p=10","title":{"rendered":"SPD Fraktion gegen Bebauung der \u201eGr\u00fcnen Harfe\u201c"},"content":{"rendered":"<p>Kurz vor der entscheidenden Sitzung der Bezirksvertretung IX zum Regionalen Fl\u00e4chennutzungsplan (RFNP) hat sich die SPD-Fraktion f\u00fcr eine Ausweisung des Gebietes \u201eGr\u00fcne Harfe\u201c in Werden-Heidhausen als Landwirtschaftliche Fl\u00e4che ausgesprochen. Die Sozialdemokraten beziehen damit entschieden Stellung gegen eine geplante Wohnbebauung im gro\u00dfen Stil.<\/p>\n<p>\u201eMit einer Ausweisung als Wohnfl\u00e4che w\u00e4re der Zersiedelung der Landschaft T\u00fcr und Tor ge\u00f6ffnet. Die Weigerung der zust\u00e4ndigen Stellen, sich eindeutig \u00fcber das geplante Ausma\u00df der Wohnbebauung zu \u00e4u\u00dfern, spricht hier B\u00e4nde und l\u00e4sst Schlimmes erahnen.\u201c so die Fraktionsvorsitzende und Werdenerin Annette Uttendorfer. \u201eDie SPD-Fraktion steht hier fest zu ihren Aussagen aus den vergangenen Wahlk\u00e4mpfen, sich f\u00fcr einen Erhalt der Werdener Gr\u00fcnfl\u00e4chen einzusetzen. Werden muss lebenswert bleiben und seinen Charakter behalten! Im Anbetracht der \u00c4u\u00dferungen in der Vergangenheit &#8211; auch von Seiten der CDU und dem Bezirksvorsteher Hanslothar Kranz &#8211; gehe ich hier von einem breiten fraktions\u00fcbergreifenden B\u00fcndnis im Interesse der B\u00fcrgerinnen und B\u00fcrger aus!\u201c<\/p>\n<p>Auch Fraktionskollege Daniel Behmenburg \u00e4u\u00dfert sich skeptisch: \u201eInsbesondere bef\u00fcrchte ich hier in Werden einen Verkehrkollaps, wenn zus\u00e4tzliche Wohneinheiten im dreistelligen Bereich geschaffen werden, durch die Kanalbauma\u00dfnahme wird dieses Problem noch versch\u00e4rft.\u201c Daniel Behmenburg m\u00f6chte hier nicht falsch verstanden werden, dass man sich stadt\u00fcbergreifend als Planungsgemeinschaft zusammen gefunden hat, empfindet er als ist richtigen und \u00fcberf\u00e4lligen Schritt: \u201eDer Regionale Fl\u00e4chennutzungsplan ein richtiges und notwendiges Instrument, aber bei der Aufstellung m\u00fcssen wir mit besonderem Bedacht und Verantwortungsgef\u00fchl vorgehen, eine nachtr\u00e4gliche \u00c4nderung ist nur schwer zu erreichen. Einige Passagen sind von den Planern am Rei\u00dfbrett entworfen worden und bed\u00fcrfen der Korrektur durch die \u00f6rtliche Politik.\u201c<\/p>\n<p>Die SPD-Fraktion wird sich auch mit der Bitte um Unterst\u00fctzung an die Genossinnen und Genossen im Rat der Stadt Essen wenden.<\/p>\n","protected":false},"excerpt":{"rendered":"<p>Kurz vor der entscheidenden Sitzung der Bezirksvertretung IX zum Regionalen Fl\u00e4chennutzungsplan (RFNP) hat sich die SPD-Fraktion f\u00fcr eine Ausweisung des Gebietes \u201eGr\u00fcne Harfe\u201c in Werden-Heidhausen als Landwirtschaftliche Fl\u00e4che ausgesprochen. Die Sozialdemokraten beziehen damit entschieden Stellung gegen eine geplante Wohnbebauung im gro\u00dfen Stil. \u201eMit einer Ausweisung als Wohnfl\u00e4che w\u00e4re der Zersiedelung [&hellip;]<\/p>\n","protected":false},"author":1,"featured_media":0,"comment_status":"open","ping_status":"open","sticky":false,"template":"","format":"standard","meta":{"footnotes":""},"categories":[5],"tags":[],"class_list":["post-10","post","type-post","status-publish","format-standard","hentry","category-bv-ix"],"_links":{"self":[{"href":"https:\/\/daniel-behmenburg.de\/index.php?rest_route=\/wp\/v2\/posts\/10","targetHints":{"allow":["GET"]}}],"collection":[{"href":"https:\/\/daniel-behmenburg.de\/index.php?rest_route=\/wp\/v2\/posts"}],"about":[{"href":"https:\/\/daniel-behmenburg.de\/index.php?rest_route=\/wp\/v2\/types\/post"}],"author":[{"embeddable":true,"href":"https:\/\/daniel-behmenburg.de\/index.php?rest_route=\/wp\/v2\/users\/1"}],"replies":[{"embeddable":true,"href":"https:\/\/daniel-behmenburg.de\/index.php?rest_route=%2Fwp%2Fv2%2Fcomments&post=10"}],"version-history":[{"count":0,"href":"https:\/\/daniel-behmenburg.de\/index.php?rest_route=\/wp\/v2\/posts\/10\/revisions"}],"wp:attachment":[{"href":"https:\/\/daniel-behmenburg.de\/index.php?rest_route=%2Fwp%2Fv2%2Fmedia&parent=10"}],"wp:term":[{"taxonomy":"category","embeddable":true,"href":"https:\/\/daniel-behmenburg.de\/index.php?rest_route=%2Fwp%2Fv2%2Fcategories&post=10"},{"taxonomy":"post_tag","embeddable":true,"href":"https:\/\/daniel-behmenburg.de\/index.php?rest_route=%2Fwp%2Fv2%2Ftags&post=10"}],"curies":[{"name":"wp","href":"https:\/\/api.w.org\/{rel}","templated":true}]}}