{"id":1521,"date":"2021-09-22T15:11:40","date_gmt":"2021-09-22T15:11:40","guid":{"rendered":"http:\/\/daniel-behmenburg.de\/?p=1521"},"modified":"2021-09-22T15:16:00","modified_gmt":"2021-09-22T15:16:00","slug":"ratsrede-zum-thema-konzept-zur-etablierung-des-vereinsgebundenen-esports","status":"publish","type":"post","link":"http:\/\/daniel-behmenburg.de\/?p=1521","title":{"rendered":"Ratsrede zum Thema &#8222;Konzept zur Etablierung des vereinsgebundenen eSports&#8220;"},"content":{"rendered":"\n<figure class=\"wp-block-image size-large\"><img loading=\"lazy\" decoding=\"async\" width=\"1024\" height=\"576\" src=\"http:\/\/daniel-behmenburg.de\/wp-content\/uploads\/2021\/09\/Daniel-Ratsrede-09-2021-1024x576.jpg\" alt=\"\" class=\"wp-image-1524\" srcset=\"http:\/\/daniel-behmenburg.de\/wp-content\/uploads\/2021\/09\/Daniel-Ratsrede-09-2021-1024x576.jpg 1024w, http:\/\/daniel-behmenburg.de\/wp-content\/uploads\/2021\/09\/Daniel-Ratsrede-09-2021-300x169.jpg 300w, http:\/\/daniel-behmenburg.de\/wp-content\/uploads\/2021\/09\/Daniel-Ratsrede-09-2021-768x432.jpg 768w, http:\/\/daniel-behmenburg.de\/wp-content\/uploads\/2021\/09\/Daniel-Ratsrede-09-2021-1536x864.jpg 1536w, http:\/\/daniel-behmenburg.de\/wp-content\/uploads\/2021\/09\/Daniel-Ratsrede-09-2021-2048x1152.jpg 2048w\" sizes=\"auto, (max-width: 1024px) 100vw, 1024px\" \/><\/figure>\n\n\n\n<p>Rede zu den Antr\u00e4gen von <br>CDU\/ B\u00fcndnis90\/Die Gr\u00fcnen &#8211; <a rel=\"noreferrer noopener\" href=\"https:\/\/bit.ly\/2XIYU3q\" target=\"_blank\">https:\/\/bit.ly\/2XIYU3q<\/a> und<br>FDP &#8211; <a rel=\"noreferrer noopener\" href=\"https:\/\/bit.ly\/3zrJwWh\" target=\"_blank\">https:\/\/bit.ly\/3zrJwWh<\/a><\/p>\n\n\n\n<p>&#8211; es gilt das gesprochene Wort &#8211;<\/p>\n\n\n\n<p>Sehr geehrter Herr Oberb\u00fcrgermeister,<br>liebe Kolleginnen und Kollegen,<\/p>\n\n\n\n<p>lieber Ralf,<br>Deinen engagierten und zutreffenden Ausf\u00fchrungen habe ich eigentlich nichts hinzuzuf\u00fcgen. Zwei Punkte m\u00f6chte ich aber noch einmal gesondert herausstellen:<\/p>\n\n\n\n<p>In dem Zusammenhang mit dem Thema &#8222;eSports&#8220; h\u00f6re ich immer die Frage, ob Politik sich wirklich hiermit befassen muss. Ich sage da ganz deutlich &#8222;Ja&#8220;! Auch wenn es sich vielleicht nicht um den Zeitgeist von Jedermann in dieser Halle handelt, so entspricht es doch der Lebenswirklichkeit einer j\u00fcngeren Generation. An dieser Stelle m\u00f6chte ich darauf hinweisen, dass 2025 diejenigen wahlm\u00fcndig sind, die bei der letzten Kommunalwahl erst 11 Jahre alt waren. Und damit haben wir die Chance den J\u00fcngeren in unserer Gesellschaft Politik als modern und auf der H\u00f6he der Zeit zu pr\u00e4sentieren. Und dann mit haben wir dann auch die Chance, mit jungen Menschen ins Gespr\u00e4ch zu kommen. Ein Ankn\u00fcpfungspunkt, den wir nicht liegen lassen d\u00fcrfen.<\/p>\n\n\n\n<p>Zweitens ist da die Frage, ob das wirklich Sport ist. Das ist mir offen gestanden egal. Denn eSport bietet Vereinen, insbesondere Sportvereinen, die Chance, Mitglieder anzuziehen und dauerhaft zu binden. Und damit ist es dann f\u00fcr mich Sportpolitiker interessant. Denn wer den virtuellen Ball kickt, ist k\u00fcnftig vielleicht auch auf dem &#8222;echten&#8220; Platz zu sehen. Deshalb begr\u00fc\u00dfen wir die Initiative des Antrages. Insbesondere begr\u00fc\u00dfen wir das Ansinnen in dem Antrag, Vereinen hier eine Hilfestellung zu geben, um einen Zugang zu diesem Themenfeld zu finden.<\/p>\n\n\n\n<p>Wir freuen uns auf das Konzept der Verwaltung und die dann folgende Diskussion.<\/p>\n\n\n\n<p>Danke f\u00fcr Ihre Aufmerksamkeit.<\/p>\n\n\n\n<p> <br><\/p>\n","protected":false},"excerpt":{"rendered":"<p>Rede zu den Antr\u00e4gen von CDU\/ B\u00fcndnis90\/Die Gr\u00fcnen &#8211; https:\/\/bit.ly\/2XIYU3q undFDP &#8211; https:\/\/bit.ly\/3zrJwWh &#8211; es gilt das gesprochene Wort &#8211; Sehr geehrter Herr Oberb\u00fcrgermeister,liebe Kolleginnen und Kollegen, lieber Ralf,Deinen engagierten und zutreffenden Ausf\u00fchrungen habe ich eigentlich nichts hinzuzuf\u00fcgen. Zwei Punkte m\u00f6chte ich aber noch einmal gesondert herausstellen: In dem Zusammenhang [&hellip;]<\/p>\n","protected":false},"author":1,"featured_media":1524,"comment_status":"open","ping_status":"open","sticky":false,"template":"","format":"standard","meta":{"footnotes":""},"categories":[246,35],"tags":[249,250,248,247,188,189],"class_list":["post-1521","post","type-post","status-publish","format-standard","has-post-thumbnail","hentry","category-rede","category-sport","tag-esport","tag-esports","tag-ratssitzung","tag-rede","tag-sport","tag-sportpolitik"],"_links":{"self":[{"href":"http:\/\/daniel-behmenburg.de\/index.php?rest_route=\/wp\/v2\/posts\/1521","targetHints":{"allow":["GET"]}}],"collection":[{"href":"http:\/\/daniel-behmenburg.de\/index.php?rest_route=\/wp\/v2\/posts"}],"about":[{"href":"http:\/\/daniel-behmenburg.de\/index.php?rest_route=\/wp\/v2\/types\/post"}],"author":[{"embeddable":true,"href":"http:\/\/daniel-behmenburg.de\/index.php?rest_route=\/wp\/v2\/users\/1"}],"replies":[{"embeddable":true,"href":"http:\/\/daniel-behmenburg.de\/index.php?rest_route=%2Fwp%2Fv2%2Fcomments&post=1521"}],"version-history":[{"count":2,"href":"http:\/\/daniel-behmenburg.de\/index.php?rest_route=\/wp\/v2\/posts\/1521\/revisions"}],"predecessor-version":[{"id":1525,"href":"http:\/\/daniel-behmenburg.de\/index.php?rest_route=\/wp\/v2\/posts\/1521\/revisions\/1525"}],"wp:featuredmedia":[{"embeddable":true,"href":"http:\/\/daniel-behmenburg.de\/index.php?rest_route=\/wp\/v2\/media\/1524"}],"wp:attachment":[{"href":"http:\/\/daniel-behmenburg.de\/index.php?rest_route=%2Fwp%2Fv2%2Fmedia&parent=1521"}],"wp:term":[{"taxonomy":"category","embeddable":true,"href":"http:\/\/daniel-behmenburg.de\/index.php?rest_route=%2Fwp%2Fv2%2Fcategories&post=1521"},{"taxonomy":"post_tag","embeddable":true,"href":"http:\/\/daniel-behmenburg.de\/index.php?rest_route=%2Fwp%2Fv2%2Ftags&post=1521"}],"curies":[{"name":"wp","href":"https:\/\/api.w.org\/{rel}","templated":true}]}}