{"id":1173,"date":"2020-08-27T08:21:36","date_gmt":"2020-08-27T08:21:36","guid":{"rendered":"http:\/\/daniel-behmenburg.de\/?p=1173"},"modified":"2020-12-23T11:57:48","modified_gmt":"2020-12-23T11:57:48","slug":"spd-in-kettwig-stellt-in-der-kommenden-woche-die-bezirksvertretung-in-den-mittelpunkt","status":"publish","type":"post","link":"http:\/\/daniel-behmenburg.de\/?p=1173","title":{"rendered":"SPD in Kettwig stellt in der kommenden Woche die Bezirksvertretung in den Mittelpunkt"},"content":{"rendered":"\n<p>Au\u00dfer dem Oberb\u00fcrgermeister, dem Rat der Stadt Essen und dem Ruhrparlament werden am 13. September auch die neun Essener Bezirksvertretungen gew\u00e4hlt. F\u00fcr Kettwig ist die Bezirksvertretung IX zust\u00e4ndig, die dar\u00fcber hinaus die Stadtteile Werden, Bredeney, Fischlaken, Heidhausen und Schuir umfasst.<\/p>\n\n\n\n<p>\u201eIn der kommenden Woche werden wir das Team der SPD in Kettwig f\u00fcr die Bezirksvertretung im Essener S\u00fcden vorstellen. Das 19k\u00f6pfige Gremium hat das Ohr besonders nah bei den Menschen hier und entscheidet in vielen bezirklichen Belangen und setzt Themen, die die Menschen bewegen, auf die Tagesordnung. Auf einer Postkarte haben wir ein paar Diskussionsimpulse formuliert, \u00fcber die wir gerne mit den Menschen in unserem Dorf ins Gespr\u00e4ch kommen m\u00f6chten. Wie in den vergangenen Wochen sind es keine fertigen Antworten, denn es geht uns auch dieses Mal wieder um die vielen guten Ideen, die wir immer wieder aus der B\u00fcrgerschaft h\u00f6ren und gerne aufnehmen. Auf Meinungskarten kann uns ganz handfest mitgeteilt werden, wo der Schuh dr\u00fcckt. Alle Karten werden ausgewertet. Wir freuen uns, die Impulse der letzten Woche dann zusammenzufassen und zu ver\u00f6ffentlichen\u201c, so Daniel Behmenburg, Vorsitzender der SPD in Kettwig.&nbsp;<\/p>\n\n\n\n<p>Vorstandskollegin Susanne Gilbert erg\u00e4nzt: \u201eNat\u00fcrlich freuen wir uns auch weiter \u00fcber R\u00fcckmeldungen zu unseren vergangenen vier Themenwochen Wohnen, Verkehr, Familie und Stadtteilleben. Zu diesen Themen hatten wir bereits tolle Diskussionen und freuen uns \u00fcber weitere Anregungen. Unser Oberb\u00fcrgermeisterkandidat Oliver Kern nimmt die Anregungen f\u00fcr die Arbeit im Essener Rathaus am Samstag ab 12.45 Uhr vor dem MarKett gerne pers\u00f6nlich in Empfang und steht f\u00fcr Gespr\u00e4che zur Verf\u00fcgung.\u201c<\/p>\n\n\n\n<p><strong>Am kommenden Samstag, den 29. August laden die Kettwiger Sozialdemokraten ab 10 Uhr ein, \u00fcber dieses und andere Themen ins Gespr\u00e4ch zu kommen: Vor dem MarKett (Hauptstra\u00dfe 43-61) und in Kettwig vor der Br\u00fccke an der Ecke Ringstra\u00dfe\/ Werdener Stra\u00dfe. Ab 12.45 Uhr wird der Oberb\u00fcrgermeisterkandidat der SPD Essen Oliver Kern vor dem MarKett Rede und Antwort stehen.<\/strong><\/p>\n\n\n\n<p><em>Die Postkarte mit den Kettwiger SPD Kandidatinnen und Kandidaten zur Bezirksvertretung IX ist an dem Stand erh\u00e4ltlich, wird in einigen Kettwiger Briefk\u00e4sten zu finden sein (nat\u00fcrlich nur dort, wo Werbung erw\u00fcnscht ist) und kann ab Samstag auf www.spd-kettwig.de nachgelesen werden.<\/em><\/p>\n","protected":false},"excerpt":{"rendered":"<p>Au\u00dfer dem Oberb\u00fcrgermeister, dem Rat der Stadt Essen und dem Ruhrparlament werden am 13. September auch die neun Essener Bezirksvertretungen gew\u00e4hlt. F\u00fcr Kettwig ist die Bezirksvertretung IX zust\u00e4ndig, die dar\u00fcber hinaus die Stadtteile Werden, Bredeney, Fischlaken, Heidhausen und Schuir umfasst. \u201eIn der kommenden Woche werden wir das Team der SPD [&hellip;]<\/p>\n","protected":false},"author":1,"featured_media":0,"comment_status":"closed","ping_status":"open","sticky":false,"template":"","format":"standard","meta":{"footnotes":""},"categories":[6],"tags":[],"class_list":["post-1173","post","type-post","status-publish","format-standard","hentry","category-kettwig"],"_links":{"self":[{"href":"http:\/\/daniel-behmenburg.de\/index.php?rest_route=\/wp\/v2\/posts\/1173","targetHints":{"allow":["GET"]}}],"collection":[{"href":"http:\/\/daniel-behmenburg.de\/index.php?rest_route=\/wp\/v2\/posts"}],"about":[{"href":"http:\/\/daniel-behmenburg.de\/index.php?rest_route=\/wp\/v2\/types\/post"}],"author":[{"embeddable":true,"href":"http:\/\/daniel-behmenburg.de\/index.php?rest_route=\/wp\/v2\/users\/1"}],"replies":[{"embeddable":true,"href":"http:\/\/daniel-behmenburg.de\/index.php?rest_route=%2Fwp%2Fv2%2Fcomments&post=1173"}],"version-history":[{"count":1,"href":"http:\/\/daniel-behmenburg.de\/index.php?rest_route=\/wp\/v2\/posts\/1173\/revisions"}],"predecessor-version":[{"id":1174,"href":"http:\/\/daniel-behmenburg.de\/index.php?rest_route=\/wp\/v2\/posts\/1173\/revisions\/1174"}],"wp:attachment":[{"href":"http:\/\/daniel-behmenburg.de\/index.php?rest_route=%2Fwp%2Fv2%2Fmedia&parent=1173"}],"wp:term":[{"taxonomy":"category","embeddable":true,"href":"http:\/\/daniel-behmenburg.de\/index.php?rest_route=%2Fwp%2Fv2%2Fcategories&post=1173"},{"taxonomy":"post_tag","embeddable":true,"href":"http:\/\/daniel-behmenburg.de\/index.php?rest_route=%2Fwp%2Fv2%2Ftags&post=1173"}],"curies":[{"name":"wp","href":"https:\/\/api.w.org\/{rel}","templated":true}]}}