{"id":1171,"date":"2020-08-24T19:13:46","date_gmt":"2020-08-24T19:13:46","guid":{"rendered":"http:\/\/daniel-behmenburg.de\/?p=1171"},"modified":"2020-12-23T11:57:48","modified_gmt":"2020-12-23T11:57:48","slug":"fuer-ein-lebendiges-stadtteilleben-spd-in-kettwig-startet-in-die-vierte-themenwoche-zur-kommunalwahl-2020","status":"publish","type":"post","link":"http:\/\/daniel-behmenburg.de\/?p=1171","title":{"rendered":"F\u00fcr ein lebendiges Stadtteilleben. SPD in Kettwig startet in die vierte Themenwoche zur Kommunalwahl 2020."},"content":{"rendered":"\n<p>\u201eUnser Dorf ist ein ganz besonderes St\u00fcckchen Erde mit ganz vielen tollenMenschen, die sich hier in den verschiedensten Bereichen engagieren. DiesemEngagement und dem hieraus resultierenden Stadtteilleben widmen wir als SPDin Kettwig unsere n\u00e4chste Themenwoche. Auch dieses Mal hei\u00dft es: Wir liefern wir nur Diskussionsimpulse, keine fertigen Konzepte. Diese wollenwir mit den Menschen hier erarbeiten. Gemeinsam wollen wir schauen, wounser Stadtteilleben und unsere Aktiven Unterst\u00fctzung brauchen\u201c, so DanielBehmenburg, Vorsitzender der SPD in Kettwig.<\/p>\n\n\n\n<p>\u201eEs gibt viele Dinge, die unser Leben hier so attraktiv machen:Einzelhandel, Kulturveranstaltungen, eine aktive und vitaleVereinslandschaft und sogar ein eigenes B\u00fcrgeramt als kurzen Draht zurVerwaltung, um nur ein paar Beispiele zu nennen. Die kleinen und gro\u00dfenVeranstaltungen, die meist von Ehrenamtlern gestemmt werden, bringen dieMenschen zusammen, st\u00e4rken die Gemeinschaft und sind ein Treffpunkt. Diesesbunte Stadtteilleben m\u00fcssen wir erhalten und unterst\u00fctzen. Verwaltung mussdie Vereine unterst\u00fctzen, muss Partner des Ehrenamtes sein und nicht durchGeb\u00fchren und Auflagen die Arbeit erschweren\u201c, so die Ratskandidatin f\u00fcr denWahlkreis 28 Susanne Gilbert.<\/p>\n\n\n\n<p>\u201eStadtfeste schaffen Geselligkeit und sind Anziehungspunkt f\u00fcr G\u00e4ste vonnah und fern. Unsere vielf\u00e4ltige Gastronomie l\u00e4dt auch \u00fcber diese Anl\u00e4ssehinaus zum Verweilen ein. F\u00fcr viele ist die Coronazeit eine existentielleBedrohung. Deshalb muss Politik hier unb\u00fcrokratisch unterst\u00fctzen und nichtdurch strikte Auslegung von Richtlinien zus\u00e4tzliche H\u00fcrden aufbauen. Dasbetrifft insbesondere die Genehmigung von Au\u00dfengastronomie. Und malschauen. Vielleicht nutzen wir diese Krise ja als Chance und \u00fcberlegeneinmal, ob dieses bunte unb\u00fcrokratische Stadtteilleben nicht generell einZukunftsprojekt sein kann\u201c, erg\u00e4nzt Daniel Behmenburg, Ratskandidat f\u00fcr denWahlkreis 42.<\/p>\n\n\n\n<p><em>Am kommenden Samstag, den 22. August laden die Kettwiger Sozialdemokratenab 10 Uhr ein, \u00fcber dieses und andere Themen ins Gespr\u00e4ch zu kommen: Vordem MarKett (Hauptstra\u00dfe 43-61) und in Kettwig vor der Br\u00fccke an der EckeRingstra\u00dfe\/ Werdener Stra\u00dfe.<\/em><\/p>\n\n\n\n<p><em>Die Postkarte zum Thema, die unsere Ratskandidaten jeweils mit Oliver Kernaufgelegt haben, ist an dem Stand erh\u00e4ltlich, wird in einigen KettwigerBriefk\u00e4sten zu finden sein (nat\u00fcrlich nur dort, wo Werbung erw\u00fcnscht ist) und kann ab Samstag auf www.spd-kettwig.de nachgelesen werden.<\/em><\/p>\n","protected":false},"excerpt":{"rendered":"<p>\u201eUnser Dorf ist ein ganz besonderes St\u00fcckchen Erde mit ganz vielen tollenMenschen, die sich hier in den verschiedensten Bereichen engagieren. DiesemEngagement und dem hieraus resultierenden Stadtteilleben widmen wir als SPDin Kettwig unsere n\u00e4chste Themenwoche. Auch dieses Mal hei\u00dft es: Wir liefern wir nur Diskussionsimpulse, keine fertigen Konzepte. Diese wollenwir mit [&hellip;]<\/p>\n","protected":false},"author":1,"featured_media":0,"comment_status":"closed","ping_status":"open","sticky":false,"template":"","format":"standard","meta":{"footnotes":""},"categories":[6],"tags":[],"class_list":["post-1171","post","type-post","status-publish","format-standard","hentry","category-kettwig"],"_links":{"self":[{"href":"http:\/\/daniel-behmenburg.de\/index.php?rest_route=\/wp\/v2\/posts\/1171","targetHints":{"allow":["GET"]}}],"collection":[{"href":"http:\/\/daniel-behmenburg.de\/index.php?rest_route=\/wp\/v2\/posts"}],"about":[{"href":"http:\/\/daniel-behmenburg.de\/index.php?rest_route=\/wp\/v2\/types\/post"}],"author":[{"embeddable":true,"href":"http:\/\/daniel-behmenburg.de\/index.php?rest_route=\/wp\/v2\/users\/1"}],"replies":[{"embeddable":true,"href":"http:\/\/daniel-behmenburg.de\/index.php?rest_route=%2Fwp%2Fv2%2Fcomments&post=1171"}],"version-history":[{"count":1,"href":"http:\/\/daniel-behmenburg.de\/index.php?rest_route=\/wp\/v2\/posts\/1171\/revisions"}],"predecessor-version":[{"id":1172,"href":"http:\/\/daniel-behmenburg.de\/index.php?rest_route=\/wp\/v2\/posts\/1171\/revisions\/1172"}],"wp:attachment":[{"href":"http:\/\/daniel-behmenburg.de\/index.php?rest_route=%2Fwp%2Fv2%2Fmedia&parent=1171"}],"wp:term":[{"taxonomy":"category","embeddable":true,"href":"http:\/\/daniel-behmenburg.de\/index.php?rest_route=%2Fwp%2Fv2%2Fcategories&post=1171"},{"taxonomy":"post_tag","embeddable":true,"href":"http:\/\/daniel-behmenburg.de\/index.php?rest_route=%2Fwp%2Fv2%2Ftags&post=1171"}],"curies":[{"name":"wp","href":"https:\/\/api.w.org\/{rel}","templated":true}]}}